{"id":9502,"date":"2024-07-14T14:25:28","date_gmt":"2024-07-14T14:25:28","guid":{"rendered":"https:\/\/eunewsroom.com\/alarmujace-dane-o-lasach-europy-maleje-ich-dobroczynny-wplyw\/"},"modified":"2024-07-14T14:25:28","modified_gmt":"2024-07-14T14:25:28","slug":"alarmujace-dane-o-lasach-europy-maleje-ich-dobroczynny-wplyw","status":"publish","type":"post","link":"https:\/\/eunewsroom.com\/pl\/alarmujace-dane-o-lasach-europy-maleje-ich-dobroczynny-wplyw\/","title":{"rendered":"Alarmuj\u0105ce dane o lasach Europy. Maleje ich dobroczynny wp\u0142yw"},"content":{"rendered":"<p> <br \/>\n<\/p>\n<div data-allow-layer=\"true\">\n<p class=\"Paragraph_desktopParagraph__U31Gm\">Lasy w Europie w coraz mniejszym stopniu spe\u0142niaj\u0105 funkcje regulacji klimatu \u2014 alarmuj\u0105 ekolodzy, powo\u0142uj\u0105c si\u0119 na pierwsz\u0105 europejsk\u0105 ocen\u0119 ryzyka zwi\u0105zanego z klimatem (EUCRA) opublikowan\u0105 przez Europejsk\u0105 Agencj\u0119 \u015arodowiska. Raport podkre\u015bla, \u017ce zdrowe lasy mog\u0105 odgrywa\u0107 kluczow\u0105 rol\u0119 w \u0142agodzeniu skutk\u00f3w zmian klimatu. Zdolno\u015b\u0107 do absorpcji CO\u2082 przez europejskie lasy spada. Tylko od 2016 do 2021 r. poch\u0142anianie CO\u2082 zmniejszy\u0142o si\u0119 o 25 proc. \u2014 z 382 milion\u00f3w ton rocznie do 281 milion\u00f3w ton rocznie. Jest to r\u00f3wnowarto\u015b\u0107 siedmiu  proc. ca\u0142kowitych&#8230;<\/p>\n<\/div>\n<p><br \/>\n<br \/><a href=\"https:\/\/www.onet.pl\/styl-zycia\/dzikie-zycie\/alarmujace-dane-o-lasach-europy-maleje-ich-dobroczynny-wplyw\/09yy094,30bc1058\">\u0179r\u00f3d\u0142o<\/a><\/p>\n","protected":false},"excerpt":{"rendered":"<p>Lasy w Europie w coraz mniejszym stopniu spe\u0142niaj\u0105 funkcje regulacji klimatu \u2014 alarmuj\u0105 ekolodzy, powo\u0142uj\u0105c si\u0119 na pierwsz\u0105 europejsk\u0105 ocen\u0119 ryzyka zwi\u0105zanego z klimatem (EUCRA) opublikowan\u0105 przez Europejsk\u0105 Agencj\u0119 \u015arodowiska. Raport podkre\u015bla, \u017ce zdrowe lasy mog\u0105 odgrywa\u0107 kluczow\u0105 rol\u0119 w \u0142agodzeniu skutk\u00f3w zmian klimatu. Zdolno\u015b\u0107 do absorpcji CO\u2082 przez europejskie lasy spada. Tylko od 2016 [&hellip;]<\/p>\n","protected":false},"author":2,"featured_media":0,"comment_status":"closed","ping_status":"closed","sticky":false,"template":"","format":"standard","meta":{"footnotes":""},"categories":[1194],"tags":[],"class_list":{"0":"post-9502","1":"post","2":"type-post","3":"status-publish","4":"format-standard","6":"category-lifestyle-pl"},"_links":{"self":[{"href":"https:\/\/eunewsroom.com\/pl\/wp-json\/wp\/v2\/posts\/9502","targetHints":{"allow":["GET"]}}],"collection":[{"href":"https:\/\/eunewsroom.com\/pl\/wp-json\/wp\/v2\/posts"}],"about":[{"href":"https:\/\/eunewsroom.com\/pl\/wp-json\/wp\/v2\/types\/post"}],"author":[{"embeddable":true,"href":"https:\/\/eunewsroom.com\/pl\/wp-json\/wp\/v2\/users\/2"}],"replies":[{"embeddable":true,"href":"https:\/\/eunewsroom.com\/pl\/wp-json\/wp\/v2\/comments?post=9502"}],"version-history":[{"count":0,"href":"https:\/\/eunewsroom.com\/pl\/wp-json\/wp\/v2\/posts\/9502\/revisions"}],"wp:attachment":[{"href":"https:\/\/eunewsroom.com\/pl\/wp-json\/wp\/v2\/media?parent=9502"}],"wp:term":[{"taxonomy":"category","embeddable":true,"href":"https:\/\/eunewsroom.com\/pl\/wp-json\/wp\/v2\/categories?post=9502"},{"taxonomy":"post_tag","embeddable":true,"href":"https:\/\/eunewsroom.com\/pl\/wp-json\/wp\/v2\/tags?post=9502"}],"curies":[{"name":"wp","href":"https:\/\/api.w.org\/{rel}","templated":true}]}}