{"id":9501,"date":"2024-07-14T14:25:25","date_gmt":"2024-07-14T14:25:25","guid":{"rendered":"https:\/\/eunewsroom.com\/dzisiajsprawdzam-jak-bedzie-ksztaltowala-sie-polityka-zagraniczna-rzad-pomija-prezydenta-tv-republika\/"},"modified":"2024-07-14T14:25:25","modified_gmt":"2024-07-14T14:25:25","slug":"dzisiajsprawdzam-jak-bedzie-ksztaltowala-sie-polityka-zagraniczna-rzad-pomija-prezydenta-tv-republika","status":"publish","type":"post","link":"https:\/\/eunewsroom.com\/pl\/dzisiajsprawdzam-jak-bedzie-ksztaltowala-sie-polityka-zagraniczna-rzad-pomija-prezydenta-tv-republika\/","title":{"rendered":"DzisiajSprawdzam | Jak b\u0119dzie kszta\u0142towa\u0142a si\u0119 polityka zagraniczna? Rz\u0105d pomija prezydenta &#8211; TV Republika"},"content":{"rendered":"<p> <br \/>\n<br \/><a href=\"https:\/\/news.google.com\/rss\/articles\/CBMie2h0dHBzOi8vdHZyZXB1Ymxpa2EucGwvRHppc2lhalNwcmF3ZHphbS1KYWstYmVkemllLWtzenRhbHRvd2FsYS1zaWUtcG9saXR5a2EtemFncmFuaWN6bmEtUnphZC1wb21pamEtcHJlenlkZW50YSwxNjU2MDcuaHRtbNIBAA?oc=5\" target=\"_blank\" rel=\"noopener\">DzisiajSprawdzam | Jak b\u0119dzie kszta\u0142towa\u0142a si\u0119 polityka zagraniczna? Rz\u0105d pomija prezydenta<\/a>&nbsp;&nbsp;<font color=\"#6f6f6f\">TV Republika<\/font><br \/>\n<br \/><br \/>\n<br \/><a href=\"https:\/\/tvrepublika.pl\/DzisiajSprawdzam-Jak-bedzie-ksztaltowala-sie-polityka-zagraniczna-Rzad-pomija-prezydenta,165607.html\">\u0179r\u00f3d\u0142o<\/a><\/p>\n","protected":false},"excerpt":{"rendered":"<p>DzisiajSprawdzam | Jak b\u0119dzie kszta\u0142towa\u0142a si\u0119 polityka zagraniczna? Rz\u0105d pomija prezydenta&nbsp;&nbsp;TV Republika \u0179r\u00f3d\u0142o<\/p>\n","protected":false},"author":2,"featured_media":0,"comment_status":"closed","ping_status":"closed","sticky":false,"template":"","format":"standard","meta":{"footnotes":""},"categories":[1191],"tags":[],"class_list":{"0":"post-9501","1":"post","2":"type-post","3":"status-publish","4":"format-standard","6":"category-politics-pl"},"_links":{"self":[{"href":"https:\/\/eunewsroom.com\/pl\/wp-json\/wp\/v2\/posts\/9501","targetHints":{"allow":["GET"]}}],"collection":[{"href":"https:\/\/eunewsroom.com\/pl\/wp-json\/wp\/v2\/posts"}],"about":[{"href":"https:\/\/eunewsroom.com\/pl\/wp-json\/wp\/v2\/types\/post"}],"author":[{"embeddable":true,"href":"https:\/\/eunewsroom.com\/pl\/wp-json\/wp\/v2\/users\/2"}],"replies":[{"embeddable":true,"href":"https:\/\/eunewsroom.com\/pl\/wp-json\/wp\/v2\/comments?post=9501"}],"version-history":[{"count":0,"href":"https:\/\/eunewsroom.com\/pl\/wp-json\/wp\/v2\/posts\/9501\/revisions"}],"wp:attachment":[{"href":"https:\/\/eunewsroom.com\/pl\/wp-json\/wp\/v2\/media?parent=9501"}],"wp:term":[{"taxonomy":"category","embeddable":true,"href":"https:\/\/eunewsroom.com\/pl\/wp-json\/wp\/v2\/categories?post=9501"},{"taxonomy":"post_tag","embeddable":true,"href":"https:\/\/eunewsroom.com\/pl\/wp-json\/wp\/v2\/tags?post=9501"}],"curies":[{"name":"wp","href":"https:\/\/api.w.org\/{rel}","templated":true}]}}