{"id":9500,"date":"2024-07-14T14:25:24","date_gmt":"2024-07-14T14:25:24","guid":{"rendered":"https:\/\/eunewsroom.com\/europejska-siec-xior-kupila-prywatny-akademik-w-polsce\/"},"modified":"2024-07-14T14:25:24","modified_gmt":"2024-07-14T14:25:24","slug":"europejska-siec-xior-kupila-prywatny-akademik-w-polsce","status":"publish","type":"post","link":"https:\/\/eunewsroom.com\/pl\/europejska-siec-xior-kupila-prywatny-akademik-w-polsce\/","title":{"rendered":"Europejska sie\u0107 Xior kupi\u0142a prywatny akademik w Polsce."},"content":{"rendered":"<p> <br \/>\n<\/p>\n<div data-mrf-section=\"Article \/ Body\" data-gtm-section=\"page:article\/section:body\">\n<h2 class=\"articleBodyBlock article--header\" id=\"block-id-wNMffE3KbE\">\nEuropejska platforma akademik\u00f3w ro\u015bnie<br \/>\n<\/h2>\n<p class=\"articleBodyBlock article--paragraph\" id=\"block-id-MJhWguqSqM\">\nXior dzia\u0142a w 42 miastach w o\u015bmiu europejskich krajach. Na koniec marca w portfelu wartym 3,5 mld euro by\u0142o prawie 25 tys. \u0142\u00f3\u017cek, w tym 2,4 tys. w Polsce. Szacunki te uwzgl\u0119dniaj\u0105 powstaj\u0105ce obiekty \u2013 m.in. planowany do oddania w przysz\u0142ym roku akademik w Warszawie licz\u0105cy 521 \u0142\u00f3\u017cek. Sp\u00f3\u0142ka ma dzia\u0142aj\u0105ce trzy domy studenckie: dwa w \u0141odzi i jeden w Katowicach.\n<\/p>\n<p class=\"articleBodyBlock article--paragraph\" id=\"block-id-dlXmBjfrBm\">\nEuropejska sie\u0107 w I kwartale br. przynios\u0142a prawie 44 mln euro z najmu. Platforma Xior zwi\u0119kszy\u0142a skal\u0119 po zakupie dwa lata temu sieci akademik\u00f3w Basecamp za&#8230;<\/p>\n<\/div>\n<p><br \/>\n<br \/><a href=\"https:\/\/www.rp.pl\/nieruchomosci\/art40781511-xior-kupuje-akademik-livinnx-w-krakowie\">\u0179r\u00f3d\u0142o<\/a><\/p>\n","protected":false},"excerpt":{"rendered":"<p>Europejska platforma akademik\u00f3w ro\u015bnie Xior dzia\u0142a w 42 miastach w o\u015bmiu europejskich krajach. Na koniec marca w portfelu wartym 3,5 mld euro by\u0142o prawie 25 tys. \u0142\u00f3\u017cek, w tym 2,4 tys. w Polsce. Szacunki te uwzgl\u0119dniaj\u0105 powstaj\u0105ce obiekty \u2013 m.in. planowany do oddania w przysz\u0142ym roku akademik w Warszawie licz\u0105cy 521 \u0142\u00f3\u017cek. Sp\u00f3\u0142ka ma dzia\u0142aj\u0105ce [&hellip;]<\/p>\n","protected":false},"author":2,"featured_media":0,"comment_status":"closed","ping_status":"closed","sticky":false,"template":"","format":"standard","meta":{"footnotes":""},"categories":[1186],"tags":[],"class_list":{"0":"post-9500","1":"post","2":"type-post","3":"status-publish","4":"format-standard","6":"category-real-estate-pl"},"_links":{"self":[{"href":"https:\/\/eunewsroom.com\/pl\/wp-json\/wp\/v2\/posts\/9500","targetHints":{"allow":["GET"]}}],"collection":[{"href":"https:\/\/eunewsroom.com\/pl\/wp-json\/wp\/v2\/posts"}],"about":[{"href":"https:\/\/eunewsroom.com\/pl\/wp-json\/wp\/v2\/types\/post"}],"author":[{"embeddable":true,"href":"https:\/\/eunewsroom.com\/pl\/wp-json\/wp\/v2\/users\/2"}],"replies":[{"embeddable":true,"href":"https:\/\/eunewsroom.com\/pl\/wp-json\/wp\/v2\/comments?post=9500"}],"version-history":[{"count":0,"href":"https:\/\/eunewsroom.com\/pl\/wp-json\/wp\/v2\/posts\/9500\/revisions"}],"wp:attachment":[{"href":"https:\/\/eunewsroom.com\/pl\/wp-json\/wp\/v2\/media?parent=9500"}],"wp:term":[{"taxonomy":"category","embeddable":true,"href":"https:\/\/eunewsroom.com\/pl\/wp-json\/wp\/v2\/categories?post=9500"},{"taxonomy":"post_tag","embeddable":true,"href":"https:\/\/eunewsroom.com\/pl\/wp-json\/wp\/v2\/tags?post=9500"}],"curies":[{"name":"wp","href":"https:\/\/api.w.org\/{rel}","templated":true}]}}