{"id":16205,"date":"2024-12-30T17:30:09","date_gmt":"2024-12-30T17:30:09","guid":{"rendered":"https:\/\/eunewsroom.com\/wiadomosc-europejskie-stolice-moga-byc-wolne-od-pojazdow-z-silnikami-benzynowymi-i-wysokopreznymi-etransport\/"},"modified":"2024-12-30T17:30:09","modified_gmt":"2024-12-30T17:30:09","slug":"wiadomosc-europejskie-stolice-moga-byc-wolne-od-pojazdow-z-silnikami-benzynowymi-i-wysokopreznymi-etransport","status":"publish","type":"post","link":"https:\/\/eunewsroom.com\/pl\/wiadomosc-europejskie-stolice-moga-byc-wolne-od-pojazdow-z-silnikami-benzynowymi-i-wysokopreznymi-etransport\/","title":{"rendered":"WIADOMO\u015a\u0106 &#8211; Europejskie stolice mog\u0105 by\u0107 wolne od pojazd\u00f3w z silnikami benzynowymi i wysokopr\u0119\u017cnymi &#8211; Etransport"},"content":{"rendered":"<p> <br \/>\n<br \/><a href=\"https:\/\/news.google.com\/rss\/articles\/CBMizwFBVV95cUxNU3V0Y1hnM2dUaW5mQmo4QTJZdFdtaGFHc2xPQlhCRGFaVXBucENiWDlMX3hWOUh0WjBMbEd0WDN2R2ROWl9QUjQ4bFdMV0J1RTlLMUxwSVVTcEhOcnJGQXM5QXlCU3d6N2JORWhmM0pBN25kcXBtdkdmcDZNR2prangyQW1PN3pTVXhMVmF6OEhSRlZxaHFkTUd3cDNEVnBOUnZwWkVBamRYRDY5TmoxdS1VT2VyaDBvT0JJbGhLUFlFTGVQLWJLS29JZi03VVk?oc=5\" target=\"_blank\">WIADOMO\u015a\u0106 &#8211; Europejskie stolice mog\u0105 by\u0107 wolne od pojazd\u00f3w z silnikami benzynowymi i wysokopr\u0119\u017cnymi<\/a>&nbsp;&nbsp;<font color=\"#6f6f6f\">Etransport<\/font><br \/>\n<br \/><br \/>\n<br \/><a href=\"https:\/\/news.google.com\/rss\/articles\/CBMizwFBVV95cUxNU3V0Y1hnM2dUaW5mQmo4QTJZdFdtaGFHc2xPQlhCRGFaVXBucENiWDlMX3hWOUh0WjBMbEd0WDN2R2ROWl9QUjQ4bFdMV0J1RTlLMUxwSVVTcEhOcnJGQXM5QXlCU3d6N2JORWhmM0pBN25kcXBtdkdmcDZNR2prangyQW1PN3pTVXhMVmF6OEhSRlZxaHFkTUd3cDNEVnBOUnZwWkVBamRYRDY5TmoxdS1VT2VyaDBvT0JJbGhLUFlFTGVQLWJLS29JZi03VVk?oc=5\">\u0179r\u00f3d\u0142o<\/a><\/p>\n","protected":false},"excerpt":{"rendered":"<p>WIADOMO\u015a\u0106 &#8211; Europejskie stolice mog\u0105 by\u0107 wolne od pojazd\u00f3w z silnikami benzynowymi i wysokopr\u0119\u017cnymi&nbsp;&nbsp;Etransport \u0179r\u00f3d\u0142o<\/p>\n","protected":false},"author":1,"featured_media":0,"comment_status":"closed","ping_status":"closed","sticky":false,"template":"","format":"standard","meta":{"footnotes":""},"categories":[1140,1185],"tags":[],"class_list":{"0":"post-16205","1":"post","2":"type-post","3":"status-publish","4":"format-standard","6":"category-automotive-fr","7":"category-automotive-pl"},"_links":{"self":[{"href":"https:\/\/eunewsroom.com\/pl\/wp-json\/wp\/v2\/posts\/16205","targetHints":{"allow":["GET"]}}],"collection":[{"href":"https:\/\/eunewsroom.com\/pl\/wp-json\/wp\/v2\/posts"}],"about":[{"href":"https:\/\/eunewsroom.com\/pl\/wp-json\/wp\/v2\/types\/post"}],"author":[{"embeddable":true,"href":"https:\/\/eunewsroom.com\/pl\/wp-json\/wp\/v2\/users\/1"}],"replies":[{"embeddable":true,"href":"https:\/\/eunewsroom.com\/pl\/wp-json\/wp\/v2\/comments?post=16205"}],"version-history":[{"count":0,"href":"https:\/\/eunewsroom.com\/pl\/wp-json\/wp\/v2\/posts\/16205\/revisions"}],"wp:attachment":[{"href":"https:\/\/eunewsroom.com\/pl\/wp-json\/wp\/v2\/media?parent=16205"}],"wp:term":[{"taxonomy":"category","embeddable":true,"href":"https:\/\/eunewsroom.com\/pl\/wp-json\/wp\/v2\/categories?post=16205"},{"taxonomy":"post_tag","embeddable":true,"href":"https:\/\/eunewsroom.com\/pl\/wp-json\/wp\/v2\/tags?post=16205"}],"curies":[{"name":"wp","href":"https:\/\/api.w.org\/{rel}","templated":true}]}}