{"id":16202,"date":"2024-12-30T16:50:06","date_gmt":"2024-12-30T16:50:06","guid":{"rendered":"https:\/\/eunewsroom.com\/european-union-first-jerzy-buzek-mowi-o-rewizji-zielonego-ladu-wnp-pl\/"},"modified":"2024-12-30T16:50:06","modified_gmt":"2024-12-30T16:50:06","slug":"european-union-first-jerzy-buzek-mowi-o-rewizji-zielonego-ladu-wnp-pl","status":"publish","type":"post","link":"https:\/\/eunewsroom.com\/pl\/european-union-first-jerzy-buzek-mowi-o-rewizji-zielonego-ladu-wnp-pl\/","title":{"rendered":"&quot;European Union first&quot;. Jerzy Buzek m\u00f3wi o rewizji Zielonego \u0141adu &#8211; Wnp.pl"},"content":{"rendered":"<p> <br \/>\n<br \/><a href=\"https:\/\/news.google.com\/rss\/articles\/CBMiowFBVV95cUxPZEpHa2Q2elY5WEVaUlBGUVhVTlhaOENKR2ZfWHZZMk5pdk8ydl9pYUVDTlp2R2VPVUlLVDBLb1RZcTI5bWwtdTBra1FIZ0hza2tJS2NxbE1TX2hTNm9ieWZnRnBacERjcGwtQlA4ZWR3Z2pUMVo2N2k5aWxkU2V0ZzB1TEJYQ2RZUmMwZE9aZUpURmNYbVpzM0hNSWhkMFFTeXZJ?oc=5\" target=\"_blank\">&#8222;European Union first&#8221;. Jerzy Buzek m\u00f3wi o rewizji Zielonego \u0141adu<\/a>&nbsp;&nbsp;<font color=\"#6f6f6f\">Wnp.pl<\/font><br \/>\n<br \/><br \/>\n<br \/><a href=\"https:\/\/news.google.com\/rss\/articles\/CBMiowFBVV95cUxPZEpHa2Q2elY5WEVaUlBGUVhVTlhaOENKR2ZfWHZZMk5pdk8ydl9pYUVDTlp2R2VPVUlLVDBLb1RZcTI5bWwtdTBra1FIZ0hza2tJS2NxbE1TX2hTNm9ieWZnRnBacERjcGwtQlA4ZWR3Z2pUMVo2N2k5aWxkU2V0ZzB1TEJYQ2RZUmMwZE9aZUpURmNYbVpzM0hNSWhkMFFTeXZJ?oc=5\">\u0179r\u00f3d\u0142o<\/a><\/p>\n","protected":false},"excerpt":{"rendered":"<p>&#8222;European Union first&#8221;. Jerzy Buzek m\u00f3wi o rewizji Zielonego \u0141adu&nbsp;&nbsp;Wnp.pl \u0179r\u00f3d\u0142o<\/p>\n","protected":false},"author":1,"featured_media":0,"comment_status":"closed","ping_status":"closed","sticky":false,"template":"","format":"standard","meta":{"footnotes":""},"categories":[1143,1188],"tags":[],"class_list":{"0":"post-16202","1":"post","2":"type-post","3":"status-publish","4":"format-standard","6":"category-finance-fr","7":"category-finance-pl"},"_links":{"self":[{"href":"https:\/\/eunewsroom.com\/pl\/wp-json\/wp\/v2\/posts\/16202","targetHints":{"allow":["GET"]}}],"collection":[{"href":"https:\/\/eunewsroom.com\/pl\/wp-json\/wp\/v2\/posts"}],"about":[{"href":"https:\/\/eunewsroom.com\/pl\/wp-json\/wp\/v2\/types\/post"}],"author":[{"embeddable":true,"href":"https:\/\/eunewsroom.com\/pl\/wp-json\/wp\/v2\/users\/1"}],"replies":[{"embeddable":true,"href":"https:\/\/eunewsroom.com\/pl\/wp-json\/wp\/v2\/comments?post=16202"}],"version-history":[{"count":0,"href":"https:\/\/eunewsroom.com\/pl\/wp-json\/wp\/v2\/posts\/16202\/revisions"}],"wp:attachment":[{"href":"https:\/\/eunewsroom.com\/pl\/wp-json\/wp\/v2\/media?parent=16202"}],"wp:term":[{"taxonomy":"category","embeddable":true,"href":"https:\/\/eunewsroom.com\/pl\/wp-json\/wp\/v2\/categories?post=16202"},{"taxonomy":"post_tag","embeddable":true,"href":"https:\/\/eunewsroom.com\/pl\/wp-json\/wp\/v2\/tags?post=16202"}],"curies":[{"name":"wp","href":"https:\/\/api.w.org\/{rel}","templated":true}]}}