{"id":16197,"date":"2024-12-30T16:00:08","date_gmt":"2024-12-30T16:00:08","guid":{"rendered":"https:\/\/eunewsroom.com\/reprezentant-polski-rozchwytywany-bije-sie-o-niego-europejska-czolowka-sport-pl\/"},"modified":"2024-12-30T16:00:08","modified_gmt":"2024-12-30T16:00:08","slug":"reprezentant-polski-rozchwytywany-bije-sie-o-niego-europejska-czolowka-sport-pl","status":"publish","type":"post","link":"https:\/\/eunewsroom.com\/pl\/reprezentant-polski-rozchwytywany-bije-sie-o-niego-europejska-czolowka-sport-pl\/","title":{"rendered":"Reprezentant Polski rozchwytywany! Bije si\u0119 o niego europejska czo\u0142\u00f3wka &#8211; Sport.pl"},"content":{"rendered":"<p> <br \/>\n<br \/><a href=\"https:\/\/news.google.com\/rss\/articles\/CBMirwFBVV95cUxQWUNVcVpzTFVOUFVGVENkNXVJaEstOTRsR2I0QlBxNXBQOXR2TTN3Y3pKRTF2Mk9mb2dtX1hNVk9MUmN0U3UxS1o0ZDB1M0dCVUFNYlRJdHYwU2dtVjk0QnNRNUo4YmZkcmpyX0xPeExCUWlyVWw5YXBQY0hHa2RZQk8xYkd3YzNhTF9IUnh5N0RjS21DOFRwdDNral8wdkhPZTEtWG0xdjFmX3h4dk9R0gGuAUFVX3lxTE9kSkRBdmNwalc5ZDRIX1p5LVNvc1M0Q3BuWHVXakhrX255T2I4WVVnY3FmNGY5TE90eUtDdjdlTmFRSGJidW8tZVlKLXFYbHkzekhIMy1BN0Vhdnk0a0Q4NTg1c2I0cEM0M1dZODREcmlMVkx3SmQ3blFUaXpXdzluNnpMMFQ3SGJHa2NOVGdLcXNkaTZsaVJZd2x0SFZPa3JtLUF5WklMb0Z1TGhrZw?oc=5\" target=\"_blank\">Reprezentant Polski rozchwytywany! Bije si\u0119 o niego europejska czo\u0142\u00f3wka<\/a>&nbsp;&nbsp;<font color=\"#6f6f6f\">Sport.pl<\/font><br \/>\n<br \/><br \/>\n<br \/><a href=\"https:\/\/news.google.com\/rss\/articles\/CBMirwFBVV95cUxQWUNVcVpzTFVOUFVGVENkNXVJaEstOTRsR2I0QlBxNXBQOXR2TTN3Y3pKRTF2Mk9mb2dtX1hNVk9MUmN0U3UxS1o0ZDB1M0dCVUFNYlRJdHYwU2dtVjk0QnNRNUo4YmZkcmpyX0xPeExCUWlyVWw5YXBQY0hHa2RZQk8xYkd3YzNhTF9IUnh5N0RjS21DOFRwdDNral8wdkhPZTEtWG0xdjFmX3h4dk9R0gGuAUFVX3lxTE9kSkRBdmNwalc5ZDRIX1p5LVNvc1M0Q3BuWHVXakhrX255T2I4WVVnY3FmNGY5TE90eUtDdjdlTmFRSGJidW8tZVlKLXFYbHkzekhIMy1BN0Vhdnk0a0Q4NTg1c2I0cEM0M1dZODREcmlMVkx3SmQ3blFUaXpXdzluNnpMMFQ3SGJHa2NOVGdLcXNkaTZsaVJZd2x0SFZPa3JtLUF5WklMb0Z1TGhrZw?oc=5\">\u0179r\u00f3d\u0142o<\/a><\/p>\n","protected":false},"excerpt":{"rendered":"<p>Reprezentant Polski rozchwytywany! Bije si\u0119 o niego europejska czo\u0142\u00f3wka&nbsp;&nbsp;Sport.pl \u0179r\u00f3d\u0142o<\/p>\n","protected":false},"author":1,"featured_media":0,"comment_status":"closed","ping_status":"closed","sticky":false,"template":"","format":"standard","meta":{"footnotes":""},"categories":[1144,1189],"tags":[],"class_list":{"0":"post-16197","1":"post","2":"type-post","3":"status-publish","4":"format-standard","6":"category-sports-fr","7":"category-sports-pl"},"_links":{"self":[{"href":"https:\/\/eunewsroom.com\/pl\/wp-json\/wp\/v2\/posts\/16197","targetHints":{"allow":["GET"]}}],"collection":[{"href":"https:\/\/eunewsroom.com\/pl\/wp-json\/wp\/v2\/posts"}],"about":[{"href":"https:\/\/eunewsroom.com\/pl\/wp-json\/wp\/v2\/types\/post"}],"author":[{"embeddable":true,"href":"https:\/\/eunewsroom.com\/pl\/wp-json\/wp\/v2\/users\/1"}],"replies":[{"embeddable":true,"href":"https:\/\/eunewsroom.com\/pl\/wp-json\/wp\/v2\/comments?post=16197"}],"version-history":[{"count":0,"href":"https:\/\/eunewsroom.com\/pl\/wp-json\/wp\/v2\/posts\/16197\/revisions"}],"wp:attachment":[{"href":"https:\/\/eunewsroom.com\/pl\/wp-json\/wp\/v2\/media?parent=16197"}],"wp:term":[{"taxonomy":"category","embeddable":true,"href":"https:\/\/eunewsroom.com\/pl\/wp-json\/wp\/v2\/categories?post=16197"},{"taxonomy":"post_tag","embeddable":true,"href":"https:\/\/eunewsroom.com\/pl\/wp-json\/wp\/v2\/tags?post=16197"}],"curies":[{"name":"wp","href":"https:\/\/api.w.org\/{rel}","templated":true}]}}