{"id":16195,"date":"2024-12-30T15:40:06","date_gmt":"2024-12-30T15:40:06","guid":{"rendered":"https:\/\/eunewsroom.com\/najpiekniejsza-stolica-europy-warto-tam-leciec-teraz-jest-slonecznie-i-wiosennie-business-insider-polska\/"},"modified":"2024-12-30T15:40:06","modified_gmt":"2024-12-30T15:40:06","slug":"najpiekniejsza-stolica-europy-warto-tam-leciec-teraz-jest-slonecznie-i-wiosennie-business-insider-polska","status":"publish","type":"post","link":"https:\/\/eunewsroom.com\/pl\/najpiekniejsza-stolica-europy-warto-tam-leciec-teraz-jest-slonecznie-i-wiosennie-business-insider-polska\/","title":{"rendered":"Najpi\u0119kniejsza stolica Europy. Warto tam lecie\u0107 teraz. Jest s\u0142onecznie i wiosennie &#8211; Business Insider Polska"},"content":{"rendered":"<p> <br \/>\n<br \/><a href=\"https:\/\/news.google.com\/rss\/articles\/CBMi0wFBVV95cUxNVnBsNmlxQXdVck53UzFmaVduakVoN3hfbFFUX3hFV2l3Z1FWODZaR1p4Wjd1TllQaTdLaFhWRnNPeTV5eWk3TmdRZVg1TUxYOU9YQllZcDJwZXVETWttbzBsd3Y1Z09FQTF6RzVyZDdfZEdZdXNFM1F5WnlqZ05wQmcxbEhjR192WVotdTlGaUI0VEtUb3BVVjRWSnJUcGtqT2ZLY3FNZTlSRHdrVldnU3NxYUtadm1TY3BKWEJiblp1bkl4RzQ1TmJhSURWWUpvT3ZV?oc=5\" target=\"_blank\">Najpi\u0119kniejsza stolica Europy. Warto tam lecie\u0107 teraz. Jest s\u0142onecznie i wiosennie<\/a>&nbsp;&nbsp;<font color=\"#6f6f6f\">Business Insider Polska<\/font><br \/>\n<br \/><br \/>\n<br \/><a href=\"https:\/\/news.google.com\/rss\/articles\/CBMi0wFBVV95cUxNVnBsNmlxQXdVck53UzFmaVduakVoN3hfbFFUX3hFV2l3Z1FWODZaR1p4Wjd1TllQaTdLaFhWRnNPeTV5eWk3TmdRZVg1TUxYOU9YQllZcDJwZXVETWttbzBsd3Y1Z09FQTF6RzVyZDdfZEdZdXNFM1F5WnlqZ05wQmcxbEhjR192WVotdTlGaUI0VEtUb3BVVjRWSnJUcGtqT2ZLY3FNZTlSRHdrVldnU3NxYUtadm1TY3BKWEJiblp1bkl4RzQ1TmJhSURWWUpvT3ZV?oc=5\">\u0179r\u00f3d\u0142o<\/a><\/p>\n","protected":false},"excerpt":{"rendered":"<p>Najpi\u0119kniejsza stolica Europy. Warto tam lecie\u0107 teraz. Jest s\u0142onecznie i wiosennie&nbsp;&nbsp;Business Insider Polska \u0179r\u00f3d\u0142o<\/p>\n","protected":false},"author":1,"featured_media":0,"comment_status":"closed","ping_status":"closed","sticky":false,"template":"","format":"standard","meta":{"footnotes":""},"categories":[1197,1151],"tags":[],"class_list":{"0":"post-16195","1":"post","2":"type-post","3":"status-publish","4":"format-standard","6":"category-travel-pl","7":"category-travel-fr"},"_links":{"self":[{"href":"https:\/\/eunewsroom.com\/pl\/wp-json\/wp\/v2\/posts\/16195","targetHints":{"allow":["GET"]}}],"collection":[{"href":"https:\/\/eunewsroom.com\/pl\/wp-json\/wp\/v2\/posts"}],"about":[{"href":"https:\/\/eunewsroom.com\/pl\/wp-json\/wp\/v2\/types\/post"}],"author":[{"embeddable":true,"href":"https:\/\/eunewsroom.com\/pl\/wp-json\/wp\/v2\/users\/1"}],"replies":[{"embeddable":true,"href":"https:\/\/eunewsroom.com\/pl\/wp-json\/wp\/v2\/comments?post=16195"}],"version-history":[{"count":0,"href":"https:\/\/eunewsroom.com\/pl\/wp-json\/wp\/v2\/posts\/16195\/revisions"}],"wp:attachment":[{"href":"https:\/\/eunewsroom.com\/pl\/wp-json\/wp\/v2\/media?parent=16195"}],"wp:term":[{"taxonomy":"category","embeddable":true,"href":"https:\/\/eunewsroom.com\/pl\/wp-json\/wp\/v2\/categories?post=16195"},{"taxonomy":"post_tag","embeddable":true,"href":"https:\/\/eunewsroom.com\/pl\/wp-json\/wp\/v2\/tags?post=16195"}],"curies":[{"name":"wp","href":"https:\/\/api.w.org\/{rel}","templated":true}]}}