{"id":16072,"date":"2024-12-23T17:00:11","date_gmt":"2024-12-23T17:00:11","guid":{"rendered":"https:\/\/eunewsroom.com\/rynek-samochodow-elektrycznych-czy-polska-pozostanie-w-ogonie-europy-motofakty\/"},"modified":"2024-12-23T17:00:11","modified_gmt":"2024-12-23T17:00:11","slug":"rynek-samochodow-elektrycznych-czy-polska-pozostanie-w-ogonie-europy-motofakty","status":"publish","type":"post","link":"https:\/\/eunewsroom.com\/pl\/rynek-samochodow-elektrycznych-czy-polska-pozostanie-w-ogonie-europy-motofakty\/","title":{"rendered":"Rynek samochod\u00f3w elektrycznych. Czy Polska pozostanie w ogonie Europy? &#8211; Motofakty"},"content":{"rendered":"<p> <br \/>\n<br \/><a href=\"https:\/\/news.google.com\/rss\/articles\/CBMipwFBVV95cUxQMUF4dUtoQ2JINlpkNG9tQlNYRVlMNzRZQ05sQl9kc0xLUEZ1VFhiREVEaTVVaXprcjlmWV92WGU0NDcxclgwWXFLbkZIN2l2d3paNmJ2bkhnS2JZallacDM1aWR6S1RybVJOajJ2eGJQb0hpc1l0RWxlSHQ2c2pZaTlmSWhKanlBaDRxNTE0TTJMcF9qS0EtV1hsLVc3dzQzenFYN3VjVQ?oc=5\" target=\"_blank\">Rynek samochod\u00f3w elektrycznych. Czy Polska pozostanie w ogonie Europy?<\/a>&nbsp;&nbsp;<font color=\"#6f6f6f\">Motofakty<\/font><br \/>\n<br \/><br \/>\n<br \/><a href=\"https:\/\/news.google.com\/rss\/articles\/CBMipwFBVV95cUxQMUF4dUtoQ2JINlpkNG9tQlNYRVlMNzRZQ05sQl9kc0xLUEZ1VFhiREVEaTVVaXprcjlmWV92WGU0NDcxclgwWXFLbkZIN2l2d3paNmJ2bkhnS2JZallacDM1aWR6S1RybVJOajJ2eGJQb0hpc1l0RWxlSHQ2c2pZaTlmSWhKanlBaDRxNTE0TTJMcF9qS0EtV1hsLVc3dzQzenFYN3VjVQ?oc=5\">\u0179r\u00f3d\u0142o<\/a><\/p>\n","protected":false},"excerpt":{"rendered":"<p>Rynek samochod\u00f3w elektrycznych. Czy Polska pozostanie w ogonie Europy?&nbsp;&nbsp;Motofakty \u0179r\u00f3d\u0142o<\/p>\n","protected":false},"author":1,"featured_media":0,"comment_status":"closed","ping_status":"closed","sticky":false,"template":"","format":"standard","meta":{"footnotes":""},"categories":[1140,1185],"tags":[],"class_list":{"0":"post-16072","1":"post","2":"type-post","3":"status-publish","4":"format-standard","6":"category-automotive-fr","7":"category-automotive-pl"},"_links":{"self":[{"href":"https:\/\/eunewsroom.com\/pl\/wp-json\/wp\/v2\/posts\/16072","targetHints":{"allow":["GET"]}}],"collection":[{"href":"https:\/\/eunewsroom.com\/pl\/wp-json\/wp\/v2\/posts"}],"about":[{"href":"https:\/\/eunewsroom.com\/pl\/wp-json\/wp\/v2\/types\/post"}],"author":[{"embeddable":true,"href":"https:\/\/eunewsroom.com\/pl\/wp-json\/wp\/v2\/users\/1"}],"replies":[{"embeddable":true,"href":"https:\/\/eunewsroom.com\/pl\/wp-json\/wp\/v2\/comments?post=16072"}],"version-history":[{"count":0,"href":"https:\/\/eunewsroom.com\/pl\/wp-json\/wp\/v2\/posts\/16072\/revisions"}],"wp:attachment":[{"href":"https:\/\/eunewsroom.com\/pl\/wp-json\/wp\/v2\/media?parent=16072"}],"wp:term":[{"taxonomy":"category","embeddable":true,"href":"https:\/\/eunewsroom.com\/pl\/wp-json\/wp\/v2\/categories?post=16072"},{"taxonomy":"post_tag","embeddable":true,"href":"https:\/\/eunewsroom.com\/pl\/wp-json\/wp\/v2\/tags?post=16072"}],"curies":[{"name":"wp","href":"https:\/\/api.w.org\/{rel}","templated":true}]}}