{"id":16071,"date":"2024-12-23T16:40:08","date_gmt":"2024-12-23T16:40:08","guid":{"rendered":"https:\/\/eunewsroom.com\/katar-ostrzega-ue-grozi-wstrzymaniem-dostaw-gazu-biznes-wprost\/"},"modified":"2024-12-23T16:40:08","modified_gmt":"2024-12-23T16:40:08","slug":"katar-ostrzega-ue-grozi-wstrzymaniem-dostaw-gazu-biznes-wprost","status":"publish","type":"post","link":"https:\/\/eunewsroom.com\/pl\/katar-ostrzega-ue-grozi-wstrzymaniem-dostaw-gazu-biznes-wprost\/","title":{"rendered":"Katar ostrzega UE. Grozi wstrzymaniem dostaw gazu &#8211; Biznes Wprost"},"content":{"rendered":"<p> <br \/>\n<br \/><a href=\"https:\/\/news.google.com\/rss\/articles\/CBMinwFBVV95cUxPWTd0Wks4MngzbkpnVjlkSUFnVVk3NnBPRGg2NmdtNFMtOXkxX055SkJ5M3M2TW15LTdzMXNubkoxN3h0WlZRT3FCX2RnVVZoRUkzbi16V1lmNHlEWGdfSDR3UF9wQ3BxZXB4RzZNN0prSmlYcExSV2Flc0g1VmFxUW5ubnFxcXc1bUhwaldjNEJfNjlJMlJMVldpUklIWEXSAZYBQVVfeXFMTi1TX05OT2Z6MUZHMlRoT0lqVFZIdkcydTJlYURoU2ZyVzZpUElYTXN0TGJkYVB6ZUhJYnB6eDJOMDc5eDR5cjhLZXR4QkdHN2pTOFV5ZHo2VVoxNUk3akR0RDc0aVNZeC1Pb2d4WTFBRjlJczdZSjBjVG1EUlI5bjV4VzZXemFXUFpONnFLYlRLTkhyLWJn?oc=5\" target=\"_blank\">Katar ostrzega UE. Grozi wstrzymaniem dostaw gazu<\/a>&nbsp;&nbsp;<font color=\"#6f6f6f\">Biznes Wprost<\/font><br \/>\n<br \/><br \/>\n<br \/><a href=\"https:\/\/news.google.com\/rss\/articles\/CBMinwFBVV95cUxPWTd0Wks4MngzbkpnVjlkSUFnVVk3NnBPRGg2NmdtNFMtOXkxX055SkJ5M3M2TW15LTdzMXNubkoxN3h0WlZRT3FCX2RnVVZoRUkzbi16V1lmNHlEWGdfSDR3UF9wQ3BxZXB4RzZNN0prSmlYcExSV2Flc0g1VmFxUW5ubnFxcXc1bUhwaldjNEJfNjlJMlJMVldpUklIWEXSAZYBQVVfeXFMTi1TX05OT2Z6MUZHMlRoT0lqVFZIdkcydTJlYURoU2ZyVzZpUElYTXN0TGJkYVB6ZUhJYnB6eDJOMDc5eDR5cjhLZXR4QkdHN2pTOFV5ZHo2VVoxNUk3akR0RDc0aVNZeC1Pb2d4WTFBRjlJczdZSjBjVG1EUlI5bjV4VzZXemFXUFpONnFLYlRLTkhyLWJn?oc=5\">\u0179r\u00f3d\u0142o<\/a><\/p>\n","protected":false},"excerpt":{"rendered":"<p>Katar ostrzega UE. Grozi wstrzymaniem dostaw gazu&nbsp;&nbsp;Biznes Wprost \u0179r\u00f3d\u0142o<\/p>\n","protected":false},"author":1,"featured_media":0,"comment_status":"closed","ping_status":"closed","sticky":false,"template":"","format":"standard","meta":{"footnotes":""},"categories":[1193,1147],"tags":[],"class_list":{"0":"post-16071","1":"post","2":"type-post","3":"status-publish","4":"format-standard","6":"category-business-pl","7":"category-business-fr"},"_links":{"self":[{"href":"https:\/\/eunewsroom.com\/pl\/wp-json\/wp\/v2\/posts\/16071","targetHints":{"allow":["GET"]}}],"collection":[{"href":"https:\/\/eunewsroom.com\/pl\/wp-json\/wp\/v2\/posts"}],"about":[{"href":"https:\/\/eunewsroom.com\/pl\/wp-json\/wp\/v2\/types\/post"}],"author":[{"embeddable":true,"href":"https:\/\/eunewsroom.com\/pl\/wp-json\/wp\/v2\/users\/1"}],"replies":[{"embeddable":true,"href":"https:\/\/eunewsroom.com\/pl\/wp-json\/wp\/v2\/comments?post=16071"}],"version-history":[{"count":0,"href":"https:\/\/eunewsroom.com\/pl\/wp-json\/wp\/v2\/posts\/16071\/revisions"}],"wp:attachment":[{"href":"https:\/\/eunewsroom.com\/pl\/wp-json\/wp\/v2\/media?parent=16071"}],"wp:term":[{"taxonomy":"category","embeddable":true,"href":"https:\/\/eunewsroom.com\/pl\/wp-json\/wp\/v2\/categories?post=16071"},{"taxonomy":"post_tag","embeddable":true,"href":"https:\/\/eunewsroom.com\/pl\/wp-json\/wp\/v2\/tags?post=16071"}],"curies":[{"name":"wp","href":"https:\/\/api.w.org\/{rel}","templated":true}]}}