{"id":16066,"date":"2024-12-23T15:50:06","date_gmt":"2024-12-23T15:50:06","guid":{"rendered":"https:\/\/eunewsroom.com\/europejscy-liberalowie-wydalaja-bulgarska-partie-powodem-orzeczenie-sadu-euractiv-poland\/"},"modified":"2024-12-23T15:50:06","modified_gmt":"2024-12-23T15:50:06","slug":"europejscy-liberalowie-wydalaja-bulgarska-partie-powodem-orzeczenie-sadu-euractiv-poland","status":"publish","type":"post","link":"https:\/\/eunewsroom.com\/pl\/europejscy-liberalowie-wydalaja-bulgarska-partie-powodem-orzeczenie-sadu-euractiv-poland\/","title":{"rendered":"Europejscy libera\u0142owie wydalaj\u0105 bu\u0142garsk\u0105 parti\u0119. Powodem orzeczenie s\u0105du &#8211; EURACTIV Poland"},"content":{"rendered":"<p> <br \/>\n<br \/><a href=\"https:\/\/news.google.com\/rss\/articles\/CBMizgFBVV95cUxQQVdUN09HUkZMVDhFRXlpZjdqdFFJTkF1LXUyYnkzNE5iMS1TZnNWcnFSOVgwVVJNNV9xWGRCUXB6R2taN2M5cmdUOXRwejJkR0xqSmhSS3djNjdIemozQVZFVnVKdHF4SkRHeVl5WjU0bkN5QkdyV0l6bElzT1BydUlta0Q5Y2lSRmM4bjVvb1hZa2dGYlo3UzNGbjhxRHdpRUIySnRucEpjdFlDSmVvMUo5bjBQZkJNSFJwbjlMZUswVzluQ3BhRDV4OHJMQQ?oc=5\" target=\"_blank\">Europejscy libera\u0142owie wydalaj\u0105 bu\u0142garsk\u0105 parti\u0119. Powodem orzeczenie s\u0105du<\/a>&nbsp;&nbsp;<font color=\"#6f6f6f\">EURACTIV Poland<\/font><br \/>\n<br \/><br \/>\n<br \/><a href=\"https:\/\/news.google.com\/rss\/articles\/CBMizgFBVV95cUxQQVdUN09HUkZMVDhFRXlpZjdqdFFJTkF1LXUyYnkzNE5iMS1TZnNWcnFSOVgwVVJNNV9xWGRCUXB6R2taN2M5cmdUOXRwejJkR0xqSmhSS3djNjdIemozQVZFVnVKdHF4SkRHeVl5WjU0bkN5QkdyV0l6bElzT1BydUlta0Q5Y2lSRmM4bjVvb1hZa2dGYlo3UzNGbjhxRHdpRUIySnRucEpjdFlDSmVvMUo5bjBQZkJNSFJwbjlMZUswVzluQ3BhRDV4OHJMQQ?oc=5\">\u0179r\u00f3d\u0142o<\/a><\/p>\n","protected":false},"excerpt":{"rendered":"<p>Europejscy libera\u0142owie wydalaj\u0105 bu\u0142garsk\u0105 parti\u0119. Powodem orzeczenie s\u0105du&nbsp;&nbsp;EURACTIV Poland \u0179r\u00f3d\u0142o<\/p>\n","protected":false},"author":1,"featured_media":0,"comment_status":"closed","ping_status":"closed","sticky":false,"template":"","format":"standard","meta":{"footnotes":""},"categories":[1145,1191],"tags":[],"class_list":{"0":"post-16066","1":"post","2":"type-post","3":"status-publish","4":"format-standard","6":"category-politics-fr","7":"category-politics-pl"},"_links":{"self":[{"href":"https:\/\/eunewsroom.com\/pl\/wp-json\/wp\/v2\/posts\/16066","targetHints":{"allow":["GET"]}}],"collection":[{"href":"https:\/\/eunewsroom.com\/pl\/wp-json\/wp\/v2\/posts"}],"about":[{"href":"https:\/\/eunewsroom.com\/pl\/wp-json\/wp\/v2\/types\/post"}],"author":[{"embeddable":true,"href":"https:\/\/eunewsroom.com\/pl\/wp-json\/wp\/v2\/users\/1"}],"replies":[{"embeddable":true,"href":"https:\/\/eunewsroom.com\/pl\/wp-json\/wp\/v2\/comments?post=16066"}],"version-history":[{"count":0,"href":"https:\/\/eunewsroom.com\/pl\/wp-json\/wp\/v2\/posts\/16066\/revisions"}],"wp:attachment":[{"href":"https:\/\/eunewsroom.com\/pl\/wp-json\/wp\/v2\/media?parent=16066"}],"wp:term":[{"taxonomy":"category","embeddable":true,"href":"https:\/\/eunewsroom.com\/pl\/wp-json\/wp\/v2\/categories?post=16066"},{"taxonomy":"post_tag","embeddable":true,"href":"https:\/\/eunewsroom.com\/pl\/wp-json\/wp\/v2\/tags?post=16066"}],"curies":[{"name":"wp","href":"https:\/\/api.w.org\/{rel}","templated":true}]}}