{"id":15870,"date":"2024-12-16T16:00:08","date_gmt":"2024-12-16T16:00:08","guid":{"rendered":"https:\/\/eunewsroom.com\/debata-pap-biznes-wzrost-pkb-w-25-na-przyzwoitym-poziomie-europa-moze-zaskoczyc-in-plus-strefa-inwestorow\/"},"modified":"2024-12-16T16:00:08","modified_gmt":"2024-12-16T16:00:08","slug":"debata-pap-biznes-wzrost-pkb-w-25-na-przyzwoitym-poziomie-europa-moze-zaskoczyc-in-plus-strefa-inwestorow","status":"publish","type":"post","link":"https:\/\/eunewsroom.com\/pl\/debata-pap-biznes-wzrost-pkb-w-25-na-przyzwoitym-poziomie-europa-moze-zaskoczyc-in-plus-strefa-inwestorow\/","title":{"rendered":"DEBATA PAP BIZNES: Wzrost PKB w &#039;25 na przyzwoitym poziomie, Europa mo\u017ce zaskoczy\u0107 in plus &#8211; Strefa Inwestor\u00f3w"},"content":{"rendered":"<p> <br \/>\n<br \/><a href=\"https:\/\/news.google.com\/rss\/articles\/CBMixgFBVV95cUxNMEZJU1hrNUNpcW5abEJKZEloSDlPSWU1OEdIbHdaNTdMdHdjUTBMeGZiR2dqMGo3cjB1NHgtd0wteW5fOTNSQWdMYnJLR2NaVHBaMk0tUGJrd3QyZXBtOVNsa3VXbWRCendST3RMdEpvYUNBdEZoM015TS02LThkLU1Oanl1Vjl4TkcxY1c2c2YycU1BRXVERENSdkcyUmdkX3BhNjc5VkgxZjNDNE80bkZTbXlZTVNQeElhVWFVR0V0dlkwbnc?oc=5\" target=\"_blank\">DEBATA PAP BIZNES: Wzrost PKB w &#8217;25 na przyzwoitym poziomie, Europa mo\u017ce zaskoczy\u0107 in plus<\/a>&nbsp;&nbsp;<font color=\"#6f6f6f\">Strefa Inwestor\u00f3w<\/font><br \/>\n<br \/><br \/>\n<br \/><a href=\"https:\/\/news.google.com\/rss\/articles\/CBMixgFBVV95cUxNMEZJU1hrNUNpcW5abEJKZEloSDlPSWU1OEdIbHdaNTdMdHdjUTBMeGZiR2dqMGo3cjB1NHgtd0wteW5fOTNSQWdMYnJLR2NaVHBaMk0tUGJrd3QyZXBtOVNsa3VXbWRCendST3RMdEpvYUNBdEZoM015TS02LThkLU1Oanl1Vjl4TkcxY1c2c2YycU1BRXVERENSdkcyUmdkX3BhNjc5VkgxZjNDNE80bkZTbXlZTVNQeElhVWFVR0V0dlkwbnc?oc=5\">\u0179r\u00f3d\u0142o<\/a><\/p>\n","protected":false},"excerpt":{"rendered":"<p>DEBATA PAP BIZNES: Wzrost PKB w &#8217;25 na przyzwoitym poziomie, Europa mo\u017ce zaskoczy\u0107 in plus&nbsp;&nbsp;Strefa Inwestor\u00f3w \u0179r\u00f3d\u0142o<\/p>\n","protected":false},"author":1,"featured_media":0,"comment_status":"closed","ping_status":"closed","sticky":false,"template":"","format":"standard","meta":{"footnotes":""},"categories":[1193,1147],"tags":[],"class_list":{"0":"post-15870","1":"post","2":"type-post","3":"status-publish","4":"format-standard","6":"category-business-pl","7":"category-business-fr"},"_links":{"self":[{"href":"https:\/\/eunewsroom.com\/pl\/wp-json\/wp\/v2\/posts\/15870","targetHints":{"allow":["GET"]}}],"collection":[{"href":"https:\/\/eunewsroom.com\/pl\/wp-json\/wp\/v2\/posts"}],"about":[{"href":"https:\/\/eunewsroom.com\/pl\/wp-json\/wp\/v2\/types\/post"}],"author":[{"embeddable":true,"href":"https:\/\/eunewsroom.com\/pl\/wp-json\/wp\/v2\/users\/1"}],"replies":[{"embeddable":true,"href":"https:\/\/eunewsroom.com\/pl\/wp-json\/wp\/v2\/comments?post=15870"}],"version-history":[{"count":0,"href":"https:\/\/eunewsroom.com\/pl\/wp-json\/wp\/v2\/posts\/15870\/revisions"}],"wp:attachment":[{"href":"https:\/\/eunewsroom.com\/pl\/wp-json\/wp\/v2\/media?parent=15870"}],"wp:term":[{"taxonomy":"category","embeddable":true,"href":"https:\/\/eunewsroom.com\/pl\/wp-json\/wp\/v2\/categories?post=15870"},{"taxonomy":"post_tag","embeddable":true,"href":"https:\/\/eunewsroom.com\/pl\/wp-json\/wp\/v2\/tags?post=15870"}],"curies":[{"name":"wp","href":"https:\/\/api.w.org\/{rel}","templated":true}]}}