{"id":15866,"date":"2024-12-16T15:20:05","date_gmt":"2024-12-16T15:20:05","guid":{"rendered":"https:\/\/eunewsroom.com\/bezpieczenstwo-europo-1-stycznia-polska-przejmie-przewodnictwo-w-radzie-unii-europejskiej-kronika24-pl\/"},"modified":"2024-12-16T15:20:05","modified_gmt":"2024-12-16T15:20:05","slug":"bezpieczenstwo-europo-1-stycznia-polska-przejmie-przewodnictwo-w-radzie-unii-europejskiej-kronika24-pl","status":"publish","type":"post","link":"https:\/\/eunewsroom.com\/pl\/bezpieczenstwo-europo-1-stycznia-polska-przejmie-przewodnictwo-w-radzie-unii-europejskiej-kronika24-pl\/","title":{"rendered":"Bezpiecze\u0144stwo, Europo! 1 stycznia Polska przejmie przewodnictwo w Radzie Unii Europejskiej &#8211; Kronika24.pl"},"content":{"rendered":"<p> <br \/>\n<br \/><a href=\"https:\/\/news.google.com\/rss\/articles\/CBMisAFBVV95cUxOdElyUVR0eGkyTWtxblp5WjYzVjhtSlpwdVhxR1E3SWdCeVVvb0dxLXFreEtWZlo1OHgwd1ZIdmlDTUVvMVhYcHE3ZUFrQVhSdjh6Tm84NmluRlp2VGZid1JfQWlCdFNSSmlWckVta2xnQXljT2ZCU0JHYmlVNE1nY3dhc2tUeTJwMDVkd2lBRWRndm1xWU11MUlRTlo3aENWckt4d2V1SHhrYi1CRWpWTdIBtgFBVV95cUxNYkxaQlhBWjhidHFxMVJiUHNRTVlFTndTM3U0aXFnTEhGdXQ2TFRUVVdxZHRqbHV0WnQxTEtyQTQyZGtpbmNpVUNJWE9DYVUzT003dldhU3dTZWRqYVI0RFNuUjg5UHl5VGF6MmFONmRxeEtaaFFWWTZtRVl5aVkwWXh4T2d5SWo2YXlLaEExWEd4NFpuOVZ4Yno0UDJtbTNyMm45LXVKYk5WMkRJbVJGVE9FQkxSQQ?oc=5\" target=\"_blank\">Bezpiecze\u0144stwo, Europo! 1 stycznia Polska przejmie przewodnictwo w Radzie Unii Europejskiej<\/a>&nbsp;&nbsp;<font color=\"#6f6f6f\">Kronika24.pl<\/font><br \/>\n<br \/><br \/>\n<br \/><a href=\"https:\/\/news.google.com\/rss\/articles\/CBMisAFBVV95cUxOdElyUVR0eGkyTWtxblp5WjYzVjhtSlpwdVhxR1E3SWdCeVVvb0dxLXFreEtWZlo1OHgwd1ZIdmlDTUVvMVhYcHE3ZUFrQVhSdjh6Tm84NmluRlp2VGZid1JfQWlCdFNSSmlWckVta2xnQXljT2ZCU0JHYmlVNE1nY3dhc2tUeTJwMDVkd2lBRWRndm1xWU11MUlRTlo3aENWckt4d2V1SHhrYi1CRWpWTdIBtgFBVV95cUxNYkxaQlhBWjhidHFxMVJiUHNRTVlFTndTM3U0aXFnTEhGdXQ2TFRUVVdxZHRqbHV0WnQxTEtyQTQyZGtpbmNpVUNJWE9DYVUzT003dldhU3dTZWRqYVI0RFNuUjg5UHl5VGF6MmFONmRxeEtaaFFWWTZtRVl5aVkwWXh4T2d5SWo2YXlLaEExWEd4NFpuOVZ4Yno0UDJtbTNyMm45LXVKYk5WMkRJbVJGVE9FQkxSQQ?oc=5\">\u0179r\u00f3d\u0142o<\/a><\/p>\n","protected":false},"excerpt":{"rendered":"<p>Bezpiecze\u0144stwo, Europo! 1 stycznia Polska przejmie przewodnictwo w Radzie Unii Europejskiej&nbsp;&nbsp;Kronika24.pl \u0179r\u00f3d\u0142o<\/p>\n","protected":false},"author":1,"featured_media":0,"comment_status":"closed","ping_status":"closed","sticky":false,"template":"","format":"standard","meta":{"footnotes":""},"categories":[1148,1194],"tags":[],"class_list":{"0":"post-15866","1":"post","2":"type-post","3":"status-publish","4":"format-standard","6":"category-lifestyle-fr","7":"category-lifestyle-pl"},"_links":{"self":[{"href":"https:\/\/eunewsroom.com\/pl\/wp-json\/wp\/v2\/posts\/15866","targetHints":{"allow":["GET"]}}],"collection":[{"href":"https:\/\/eunewsroom.com\/pl\/wp-json\/wp\/v2\/posts"}],"about":[{"href":"https:\/\/eunewsroom.com\/pl\/wp-json\/wp\/v2\/types\/post"}],"author":[{"embeddable":true,"href":"https:\/\/eunewsroom.com\/pl\/wp-json\/wp\/v2\/users\/1"}],"replies":[{"embeddable":true,"href":"https:\/\/eunewsroom.com\/pl\/wp-json\/wp\/v2\/comments?post=15866"}],"version-history":[{"count":0,"href":"https:\/\/eunewsroom.com\/pl\/wp-json\/wp\/v2\/posts\/15866\/revisions"}],"wp:attachment":[{"href":"https:\/\/eunewsroom.com\/pl\/wp-json\/wp\/v2\/media?parent=15866"}],"wp:term":[{"taxonomy":"category","embeddable":true,"href":"https:\/\/eunewsroom.com\/pl\/wp-json\/wp\/v2\/categories?post=15866"},{"taxonomy":"post_tag","embeddable":true,"href":"https:\/\/eunewsroom.com\/pl\/wp-json\/wp\/v2\/tags?post=15866"}],"curies":[{"name":"wp","href":"https:\/\/api.w.org\/{rel}","templated":true}]}}