{"id":15570,"date":"2024-12-09T15:10:07","date_gmt":"2024-12-09T15:10:07","guid":{"rendered":"https:\/\/eunewsroom.com\/politycy-posluchali-mysliwych-ochrona-wilka-w-europie-oslabiona-onet\/"},"modified":"2024-12-09T15:10:07","modified_gmt":"2024-12-09T15:10:07","slug":"politycy-posluchali-mysliwych-ochrona-wilka-w-europie-oslabiona-onet","status":"publish","type":"post","link":"https:\/\/eunewsroom.com\/pl\/politycy-posluchali-mysliwych-ochrona-wilka-w-europie-oslabiona-onet\/","title":{"rendered":"Politycy pos\u0142uchali my\u015bliwych. Ochrona wilka w Europie os\u0142abiona &#8211; Onet"},"content":{"rendered":"<p> <br \/>\n<br \/><a href=\"https:\/\/news.google.com\/rss\/articles\/CBMiwgFBVV95cUxPNG9EZG9COEVzU1VnRmxiQ2VCbC1tQzBlTHpoN3hjTExkTE1QckxrRzBLT0RQbzRsUUlET0NMV201bF9OUjBESHRBcUF5TWdxUW4zbjRVYlhWdUV6MXhCWHZHcWstYUFfZ0U2cDdnYThEUE53R0c1b2RqZXhwSDhjZUpRQmdYV0w1Wm5JRTJCc1JTck9HazE4NkloZGJLMEJ1X1o2UWRnSU5YUWRBa1VTcUhuLXVzdF9jeVhNRUpuNnJXQQ?oc=5\" target=\"_blank\">Politycy pos\u0142uchali my\u015bliwych. Ochrona wilka w Europie os\u0142abiona<\/a>&nbsp;&nbsp;<font color=\"#6f6f6f\">Onet<\/font><br \/>\n<br \/><br \/>\n<br \/><a href=\"https:\/\/news.google.com\/rss\/articles\/CBMiwgFBVV95cUxPNG9EZG9COEVzU1VnRmxiQ2VCbC1tQzBlTHpoN3hjTExkTE1QckxrRzBLT0RQbzRsUUlET0NMV201bF9OUjBESHRBcUF5TWdxUW4zbjRVYlhWdUV6MXhCWHZHcWstYUFfZ0U2cDdnYThEUE53R0c1b2RqZXhwSDhjZUpRQmdYV0w1Wm5JRTJCc1JTck9HazE4NkloZGJLMEJ1X1o2UWRnSU5YUWRBa1VTcUhuLXVzdF9jeVhNRUpuNnJXQQ?oc=5\">\u0179r\u00f3d\u0142o<\/a><\/p>\n","protected":false},"excerpt":{"rendered":"<p>Politycy pos\u0142uchali my\u015bliwych. Ochrona wilka w Europie os\u0142abiona&nbsp;&nbsp;Onet \u0179r\u00f3d\u0142o<\/p>\n","protected":false},"author":1,"featured_media":0,"comment_status":"closed","ping_status":"closed","sticky":false,"template":"","format":"standard","meta":{"footnotes":""},"categories":[1148,1194],"tags":[],"class_list":{"0":"post-15570","1":"post","2":"type-post","3":"status-publish","4":"format-standard","6":"category-lifestyle-fr","7":"category-lifestyle-pl"},"_links":{"self":[{"href":"https:\/\/eunewsroom.com\/pl\/wp-json\/wp\/v2\/posts\/15570","targetHints":{"allow":["GET"]}}],"collection":[{"href":"https:\/\/eunewsroom.com\/pl\/wp-json\/wp\/v2\/posts"}],"about":[{"href":"https:\/\/eunewsroom.com\/pl\/wp-json\/wp\/v2\/types\/post"}],"author":[{"embeddable":true,"href":"https:\/\/eunewsroom.com\/pl\/wp-json\/wp\/v2\/users\/1"}],"replies":[{"embeddable":true,"href":"https:\/\/eunewsroom.com\/pl\/wp-json\/wp\/v2\/comments?post=15570"}],"version-history":[{"count":0,"href":"https:\/\/eunewsroom.com\/pl\/wp-json\/wp\/v2\/posts\/15570\/revisions"}],"wp:attachment":[{"href":"https:\/\/eunewsroom.com\/pl\/wp-json\/wp\/v2\/media?parent=15570"}],"wp:term":[{"taxonomy":"category","embeddable":true,"href":"https:\/\/eunewsroom.com\/pl\/wp-json\/wp\/v2\/categories?post=15570"},{"taxonomy":"post_tag","embeddable":true,"href":"https:\/\/eunewsroom.com\/pl\/wp-json\/wp\/v2\/tags?post=15570"}],"curies":[{"name":"wp","href":"https:\/\/api.w.org\/{rel}","templated":true}]}}