{"id":15415,"date":"2024-12-02T14:50:08","date_gmt":"2024-12-02T14:50:08","guid":{"rendered":"https:\/\/eunewsroom.com\/prezydent-gruzji-salome-zurabiszwili-prosi-europe-o-pomoc-mowi-o-buncie-calego-kraju-rzeczpospolita\/"},"modified":"2024-12-02T14:50:08","modified_gmt":"2024-12-02T14:50:08","slug":"prezydent-gruzji-salome-zurabiszwili-prosi-europe-o-pomoc-mowi-o-buncie-calego-kraju-rzeczpospolita","status":"publish","type":"post","link":"https:\/\/eunewsroom.com\/pl\/prezydent-gruzji-salome-zurabiszwili-prosi-europe-o-pomoc-mowi-o-buncie-calego-kraju-rzeczpospolita\/","title":{"rendered":"Prezydent Gruzji Salome Zurabiszwili prosi Europ\u0119 o pomoc. M\u00f3wi o &quot;buncie ca\u0142ego kraju&quot; &#8211; Rzeczpospolita"},"content":{"rendered":"<p> <br \/>\n<br \/><a href=\"https:\/\/news.google.com\/rss\/articles\/CBMiogFBVV95cUxQYzk0MjhBUTJkS2lEQldlc2g1MlhMTEg0N2dja0ZLWXRVT1JxdENBVi1RUFdxUW5zU2p0RW9JalRQa29xU1pRbzVLWUNySW5qSVdzMEpRLXB0cjJfX2Vqa1BnendJMVBYSTh6dlRqWGZVZnZUQnp5SUFtRGVxbjRibFR0RHVsT3dUUHl1WHFmT2lOalRTS28tZFdYUWtXX0kzV1E?oc=5\" target=\"_blank\">Prezydent Gruzji Salome Zurabiszwili prosi Europ\u0119 o pomoc. M\u00f3wi o &#8222;buncie ca\u0142ego kraju&#8221;<\/a>&nbsp;&nbsp;<font color=\"#6f6f6f\">Rzeczpospolita<\/font><br \/>\n<br \/><br \/>\n<br \/><a href=\"https:\/\/news.google.com\/rss\/articles\/CBMiogFBVV95cUxQYzk0MjhBUTJkS2lEQldlc2g1MlhMTEg0N2dja0ZLWXRVT1JxdENBVi1RUFdxUW5zU2p0RW9JalRQa29xU1pRbzVLWUNySW5qSVdzMEpRLXB0cjJfX2Vqa1BnendJMVBYSTh6dlRqWGZVZnZUQnp5SUFtRGVxbjRibFR0RHVsT3dUUHl1WHFmT2lOalRTS28tZFdYUWtXX0kzV1E?oc=5\">\u0179r\u00f3d\u0142o<\/a><\/p>\n","protected":false},"excerpt":{"rendered":"<p>Prezydent Gruzji Salome Zurabiszwili prosi Europ\u0119 o pomoc. M\u00f3wi o &#8222;buncie ca\u0142ego kraju&#8221;&nbsp;&nbsp;Rzeczpospolita \u0179r\u00f3d\u0142o<\/p>\n","protected":false},"author":1,"featured_media":0,"comment_status":"closed","ping_status":"closed","sticky":false,"template":"","format":"standard","meta":{"footnotes":""},"categories":[1145,1191],"tags":[],"class_list":{"0":"post-15415","1":"post","2":"type-post","3":"status-publish","4":"format-standard","6":"category-politics-fr","7":"category-politics-pl"},"_links":{"self":[{"href":"https:\/\/eunewsroom.com\/pl\/wp-json\/wp\/v2\/posts\/15415","targetHints":{"allow":["GET"]}}],"collection":[{"href":"https:\/\/eunewsroom.com\/pl\/wp-json\/wp\/v2\/posts"}],"about":[{"href":"https:\/\/eunewsroom.com\/pl\/wp-json\/wp\/v2\/types\/post"}],"author":[{"embeddable":true,"href":"https:\/\/eunewsroom.com\/pl\/wp-json\/wp\/v2\/users\/1"}],"replies":[{"embeddable":true,"href":"https:\/\/eunewsroom.com\/pl\/wp-json\/wp\/v2\/comments?post=15415"}],"version-history":[{"count":0,"href":"https:\/\/eunewsroom.com\/pl\/wp-json\/wp\/v2\/posts\/15415\/revisions"}],"wp:attachment":[{"href":"https:\/\/eunewsroom.com\/pl\/wp-json\/wp\/v2\/media?parent=15415"}],"wp:term":[{"taxonomy":"category","embeddable":true,"href":"https:\/\/eunewsroom.com\/pl\/wp-json\/wp\/v2\/categories?post=15415"},{"taxonomy":"post_tag","embeddable":true,"href":"https:\/\/eunewsroom.com\/pl\/wp-json\/wp\/v2\/tags?post=15415"}],"curies":[{"name":"wp","href":"https:\/\/api.w.org\/{rel}","templated":true}]}}