{"id":15414,"date":"2024-12-02T14:40:06","date_gmt":"2024-12-02T14:40:06","guid":{"rendered":"https:\/\/eunewsroom.com\/wlasne-ale-coraz-drozsze-i-ciasne-tak-mieszkamy-ceny-nieruchomosci-w-polsce-rosna-najszybciej-w-calej-ue-bankier-pl\/"},"modified":"2024-12-02T14:40:06","modified_gmt":"2024-12-02T14:40:06","slug":"wlasne-ale-coraz-drozsze-i-ciasne-tak-mieszkamy-ceny-nieruchomosci-w-polsce-rosna-najszybciej-w-calej-ue-bankier-pl","status":"publish","type":"post","link":"https:\/\/eunewsroom.com\/pl\/wlasne-ale-coraz-drozsze-i-ciasne-tak-mieszkamy-ceny-nieruchomosci-w-polsce-rosna-najszybciej-w-calej-ue-bankier-pl\/","title":{"rendered":"W\u0142asne, ale coraz dro\u017csze i ciasne \u2013 tak mieszkamy. Ceny nieruchomo\u015bci w Polsce rosn\u0105 najszybciej w ca\u0142ej UE &#8211; Bankier.pl"},"content":{"rendered":"<p> <br \/>\n<br \/><a href=\"https:\/\/news.google.com\/rss\/articles\/CBMiwAFBVV95cUxPeHcxVmJISU05M09yWWxvdFgxeXJmQnZfYktRRTBKbEZyaG1VaVI1RHN6RV9RM01OM2ZtOWFWaFl1ZmJYSThZQXNrTFM5a2RlSmtUOFZJWXF6M2tYV0x6R05OT29nejl3d3BJbHMzTXlrM2NhNXVDR2RqNmZDS3RxOWtDQU5QLXFiLXdpZU5iYmVNR3h0TUhwWmtmMFFOM3dfOXI2OWY2bjROOV94QzBadnNNX25oYVFTbFdxZDdrOGrSAb8BQVVfeXFMUGdSWXJ2YVk5d0x1MUF4MHFpUkQtbENOZXJBd0tlN2NFZXg5Y0l3eGV4UXo0U3V5U2w4MllvOV9BSUtTSnplRDlBT1VaelNvNlhOUGNrZ0FLWm5BOEU1OWZIak1UQ3FRRmduSHNJbUlPanpiRHhKUk9YYkxjSjljWG5hMDR5cnBfdFl6YWdHT0pPdVpOM2tkV2x5Q0VjX3I4dURoTzE2R2E0YkRRZlJIaXQ0TDFPQmJYN0p3TjdvN2M?oc=5\" target=\"_blank\">W\u0142asne, ale coraz dro\u017csze i ciasne \u2013 tak mieszkamy. Ceny nieruchomo\u015bci w Polsce rosn\u0105 najszybciej w ca\u0142ej UE<\/a>&nbsp;&nbsp;<font color=\"#6f6f6f\">Bankier.pl<\/font><br \/>\n<br \/><br \/>\n<br \/><a href=\"https:\/\/news.google.com\/rss\/articles\/CBMiwAFBVV95cUxPeHcxVmJISU05M09yWWxvdFgxeXJmQnZfYktRRTBKbEZyaG1VaVI1RHN6RV9RM01OM2ZtOWFWaFl1ZmJYSThZQXNrTFM5a2RlSmtUOFZJWXF6M2tYV0x6R05OT29nejl3d3BJbHMzTXlrM2NhNXVDR2RqNmZDS3RxOWtDQU5QLXFiLXdpZU5iYmVNR3h0TUhwWmtmMFFOM3dfOXI2OWY2bjROOV94QzBadnNNX25oYVFTbFdxZDdrOGrSAb8BQVVfeXFMUGdSWXJ2YVk5d0x1MUF4MHFpUkQtbENOZXJBd0tlN2NFZXg5Y0l3eGV4UXo0U3V5U2w4MllvOV9BSUtTSnplRDlBT1VaelNvNlhOUGNrZ0FLWm5BOEU1OWZIak1UQ3FRRmduSHNJbUlPanpiRHhKUk9YYkxjSjljWG5hMDR5cnBfdFl6YWdHT0pPdVpOM2tkV2x5Q0VjX3I4dURoTzE2R2E0YkRRZlJIaXQ0TDFPQmJYN0p3TjdvN2M?oc=5\">\u0179r\u00f3d\u0142o<\/a><\/p>\n","protected":false},"excerpt":{"rendered":"<p>W\u0142asne, ale coraz dro\u017csze i ciasne \u2013 tak mieszkamy. Ceny nieruchomo\u015bci w Polsce rosn\u0105 najszybciej w ca\u0142ej UE&nbsp;&nbsp;Bankier.pl \u0179r\u00f3d\u0142o<\/p>\n","protected":false},"author":1,"featured_media":0,"comment_status":"closed","ping_status":"closed","sticky":false,"template":"","format":"standard","meta":{"footnotes":""},"categories":[1141,1186],"tags":[],"class_list":{"0":"post-15414","1":"post","2":"type-post","3":"status-publish","4":"format-standard","6":"category-real-estate-fr","7":"category-real-estate-pl"},"_links":{"self":[{"href":"https:\/\/eunewsroom.com\/pl\/wp-json\/wp\/v2\/posts\/15414","targetHints":{"allow":["GET"]}}],"collection":[{"href":"https:\/\/eunewsroom.com\/pl\/wp-json\/wp\/v2\/posts"}],"about":[{"href":"https:\/\/eunewsroom.com\/pl\/wp-json\/wp\/v2\/types\/post"}],"author":[{"embeddable":true,"href":"https:\/\/eunewsroom.com\/pl\/wp-json\/wp\/v2\/users\/1"}],"replies":[{"embeddable":true,"href":"https:\/\/eunewsroom.com\/pl\/wp-json\/wp\/v2\/comments?post=15414"}],"version-history":[{"count":0,"href":"https:\/\/eunewsroom.com\/pl\/wp-json\/wp\/v2\/posts\/15414\/revisions"}],"wp:attachment":[{"href":"https:\/\/eunewsroom.com\/pl\/wp-json\/wp\/v2\/media?parent=15414"}],"wp:term":[{"taxonomy":"category","embeddable":true,"href":"https:\/\/eunewsroom.com\/pl\/wp-json\/wp\/v2\/categories?post=15414"},{"taxonomy":"post_tag","embeddable":true,"href":"https:\/\/eunewsroom.com\/pl\/wp-json\/wp\/v2\/tags?post=15414"}],"curies":[{"name":"wp","href":"https:\/\/api.w.org\/{rel}","templated":true}]}}