{"id":15413,"date":"2024-12-02T14:30:08","date_gmt":"2024-12-02T14:30:08","guid":{"rendered":"https:\/\/eunewsroom.com\/zawodnicy-muks-wopr-kedzierzyn-kozle-to-czolowka-krajowa-i-europejska-zdjecia-lokalna24\/"},"modified":"2024-12-02T14:30:08","modified_gmt":"2024-12-02T14:30:08","slug":"zawodnicy-muks-wopr-kedzierzyn-kozle-to-czolowka-krajowa-i-europejska-zdjecia-lokalna24","status":"publish","type":"post","link":"https:\/\/eunewsroom.com\/pl\/zawodnicy-muks-wopr-kedzierzyn-kozle-to-czolowka-krajowa-i-europejska-zdjecia-lokalna24\/","title":{"rendered":"Zawodnicy MUKS WOPR K\u0119dzierzyn-Ko\u017ale to czo\u0142\u00f3wka krajowa i europejska. ZDJ\u0118CIA &#8211; Lokalna24"},"content":{"rendered":"<p> <br \/>\n<br \/><a href=\"https:\/\/news.google.com\/rss\/articles\/CBMitwFBVV95cUxOYnlxMXcyMXU3djBuX0dIVk13MktmQS14WlZXQlZpbE9vTi0tdkVENk1VN3RsaWVhYW1hcE9JRGI3aFhWQXJ6ZWpSYkstV2MtM1FUZWxDc1M3S3czYU9xS19HUGxRZ0VJWE13NXdOYk9SQlhnWTJjc29fZnpfdnp5UDN6U3RYcVd0dGtEaWZqVVhVTFR4M2QxVkZUSlV0ZFdDN2VidzI0RWItLXlTUTcwU3hmRUVpNGM?oc=5\" target=\"_blank\">Zawodnicy MUKS WOPR K\u0119dzierzyn-Ko\u017ale to czo\u0142\u00f3wka krajowa i europejska. ZDJ\u0118CIA<\/a>&nbsp;&nbsp;<font color=\"#6f6f6f\">Lokalna24<\/font><br \/>\n<br \/><br \/>\n<br \/><a href=\"https:\/\/news.google.com\/rss\/articles\/CBMitwFBVV95cUxOYnlxMXcyMXU3djBuX0dIVk13MktmQS14WlZXQlZpbE9vTi0tdkVENk1VN3RsaWVhYW1hcE9JRGI3aFhWQXJ6ZWpSYkstV2MtM1FUZWxDc1M3S3czYU9xS19HUGxRZ0VJWE13NXdOYk9SQlhnWTJjc29fZnpfdnp5UDN6U3RYcVd0dGtEaWZqVVhVTFR4M2QxVkZUSlV0ZFdDN2VidzI0RWItLXlTUTcwU3hmRUVpNGM?oc=5\">\u0179r\u00f3d\u0142o<\/a><\/p>\n","protected":false},"excerpt":{"rendered":"<p>Zawodnicy MUKS WOPR K\u0119dzierzyn-Ko\u017ale to czo\u0142\u00f3wka krajowa i europejska. ZDJ\u0118CIA&nbsp;&nbsp;Lokalna24 \u0179r\u00f3d\u0142o<\/p>\n","protected":false},"author":1,"featured_media":0,"comment_status":"closed","ping_status":"closed","sticky":false,"template":"","format":"standard","meta":{"footnotes":""},"categories":[1144,1189],"tags":[],"class_list":{"0":"post-15413","1":"post","2":"type-post","3":"status-publish","4":"format-standard","6":"category-sports-fr","7":"category-sports-pl"},"_links":{"self":[{"href":"https:\/\/eunewsroom.com\/pl\/wp-json\/wp\/v2\/posts\/15413","targetHints":{"allow":["GET"]}}],"collection":[{"href":"https:\/\/eunewsroom.com\/pl\/wp-json\/wp\/v2\/posts"}],"about":[{"href":"https:\/\/eunewsroom.com\/pl\/wp-json\/wp\/v2\/types\/post"}],"author":[{"embeddable":true,"href":"https:\/\/eunewsroom.com\/pl\/wp-json\/wp\/v2\/users\/1"}],"replies":[{"embeddable":true,"href":"https:\/\/eunewsroom.com\/pl\/wp-json\/wp\/v2\/comments?post=15413"}],"version-history":[{"count":0,"href":"https:\/\/eunewsroom.com\/pl\/wp-json\/wp\/v2\/posts\/15413\/revisions"}],"wp:attachment":[{"href":"https:\/\/eunewsroom.com\/pl\/wp-json\/wp\/v2\/media?parent=15413"}],"wp:term":[{"taxonomy":"category","embeddable":true,"href":"https:\/\/eunewsroom.com\/pl\/wp-json\/wp\/v2\/categories?post=15413"},{"taxonomy":"post_tag","embeddable":true,"href":"https:\/\/eunewsroom.com\/pl\/wp-json\/wp\/v2\/tags?post=15413"}],"curies":[{"name":"wp","href":"https:\/\/api.w.org\/{rel}","templated":true}]}}