{"id":15411,"date":"2024-12-02T14:10:06","date_gmt":"2024-12-02T14:10:06","guid":{"rendered":"https:\/\/eunewsroom.com\/pierwsza-podroz-nowego-szefa-rady-europejskiej-symboliczne-miejsce-polsatnews-pl\/"},"modified":"2024-12-02T14:10:06","modified_gmt":"2024-12-02T14:10:06","slug":"pierwsza-podroz-nowego-szefa-rady-europejskiej-symboliczne-miejsce-polsatnews-pl","status":"publish","type":"post","link":"https:\/\/eunewsroom.com\/pl\/pierwsza-podroz-nowego-szefa-rady-europejskiej-symboliczne-miejsce-polsatnews-pl\/","title":{"rendered":"Pierwsza podr\u00f3\u017c nowego szefa Rady Europejskiej. Symboliczne miejsce &#8211; polsatnews.pl"},"content":{"rendered":"<p> <br \/>\n<br \/><a href=\"https:\/\/news.google.com\/rss\/articles\/CBMitAFBVV95cUxQNHJ3VUs2RDNiNEZWYmpXYXNmZXRZNXYyMndhUGthYnR5Wnl6MVBsUUhINEYxdDkzZEZteERPZElpQTZEWjZQa0hGYWt0dVVwWElFLWllM29KUS10MUFZODg4VTktM2ctYVBLSU1YT2ZER051ZlI3M1BhTHFfZzV2QWVJdTBWQjcyY2JvejNBTTNTRldkRmN1VFZISVA2TU5teFdYTHFVRjlLb2NWWjZobFZaLXo?oc=5\" target=\"_blank\">Pierwsza podr\u00f3\u017c nowego szefa Rady Europejskiej. Symboliczne miejsce<\/a>&nbsp;&nbsp;<font color=\"#6f6f6f\">polsatnews.pl<\/font><br \/>\n<br \/><br \/>\n<br \/><a href=\"https:\/\/news.google.com\/rss\/articles\/CBMitAFBVV95cUxQNHJ3VUs2RDNiNEZWYmpXYXNmZXRZNXYyMndhUGthYnR5Wnl6MVBsUUhINEYxdDkzZEZteERPZElpQTZEWjZQa0hGYWt0dVVwWElFLWllM29KUS10MUFZODg4VTktM2ctYVBLSU1YT2ZER051ZlI3M1BhTHFfZzV2QWVJdTBWQjcyY2JvejNBTTNTRldkRmN1VFZISVA2TU5teFdYTHFVRjlLb2NWWjZobFZaLXo?oc=5\">\u0179r\u00f3d\u0142o<\/a><\/p>\n","protected":false},"excerpt":{"rendered":"<p>Pierwsza podr\u00f3\u017c nowego szefa Rady Europejskiej. Symboliczne miejsce&nbsp;&nbsp;polsatnews.pl \u0179r\u00f3d\u0142o<\/p>\n","protected":false},"author":1,"featured_media":0,"comment_status":"closed","ping_status":"closed","sticky":false,"template":"","format":"standard","meta":{"footnotes":""},"categories":[1197,1151],"tags":[],"class_list":{"0":"post-15411","1":"post","2":"type-post","3":"status-publish","4":"format-standard","6":"category-travel-pl","7":"category-travel-fr"},"_links":{"self":[{"href":"https:\/\/eunewsroom.com\/pl\/wp-json\/wp\/v2\/posts\/15411","targetHints":{"allow":["GET"]}}],"collection":[{"href":"https:\/\/eunewsroom.com\/pl\/wp-json\/wp\/v2\/posts"}],"about":[{"href":"https:\/\/eunewsroom.com\/pl\/wp-json\/wp\/v2\/types\/post"}],"author":[{"embeddable":true,"href":"https:\/\/eunewsroom.com\/pl\/wp-json\/wp\/v2\/users\/1"}],"replies":[{"embeddable":true,"href":"https:\/\/eunewsroom.com\/pl\/wp-json\/wp\/v2\/comments?post=15411"}],"version-history":[{"count":0,"href":"https:\/\/eunewsroom.com\/pl\/wp-json\/wp\/v2\/posts\/15411\/revisions"}],"wp:attachment":[{"href":"https:\/\/eunewsroom.com\/pl\/wp-json\/wp\/v2\/media?parent=15411"}],"wp:term":[{"taxonomy":"category","embeddable":true,"href":"https:\/\/eunewsroom.com\/pl\/wp-json\/wp\/v2\/categories?post=15411"},{"taxonomy":"post_tag","embeddable":true,"href":"https:\/\/eunewsroom.com\/pl\/wp-json\/wp\/v2\/tags?post=15411"}],"curies":[{"name":"wp","href":"https:\/\/api.w.org\/{rel}","templated":true}]}}