{"id":15222,"date":"2024-11-25T14:30:10","date_gmt":"2024-11-25T14:30:10","guid":{"rendered":"https:\/\/eunewsroom.com\/europa-pograza-sie-w-kryzysie-mieszkaniowym-tak-panstwa-radza-sobie-lub-nie-z-najmem-krotkoterminowym-bankier-pl\/"},"modified":"2024-11-25T14:30:10","modified_gmt":"2024-11-25T14:30:10","slug":"europa-pograza-sie-w-kryzysie-mieszkaniowym-tak-panstwa-radza-sobie-lub-nie-z-najmem-krotkoterminowym-bankier-pl","status":"publish","type":"post","link":"https:\/\/eunewsroom.com\/pl\/europa-pograza-sie-w-kryzysie-mieszkaniowym-tak-panstwa-radza-sobie-lub-nie-z-najmem-krotkoterminowym-bankier-pl\/","title":{"rendered":"Europa pogr\u0105\u017ca si\u0119 w kryzysie mieszkaniowym. Tak pa\u0144stwa radz\u0105 sobie (lub nie) z najmem kr\u00f3tkoterminowym &#8211; Bankier.pl"},"content":{"rendered":"<p> <br \/>\n<br \/><a href=\"https:\/\/news.google.com\/rss\/articles\/CBMi4AFBVV95cUxQWHJxdzVVa2pIU1o0dzdTdmFzMm91c0pKay0zdXFDRm9JY1dfb1pGbEFKRldjVzlDeVZqc0xKaHRzcHlxcTBhekY2dXZWYUNlQ1pwc3I5T0dvWWlXU0NsbGNLcWxYSjZzTGIyS1dmbVByYlFxekJyc014SGpOT1JTY0J0ekZxZm01aWdGTHU5OHhWMV9ZdkRNNU9EdDlHaGtnZHhyQ2o1Rm9xR0YyQjJhUUowNmZYb1N5cW5OcTVJeDNRS3l0dGJSMk1oc0N6V0QzVkdnT25HSDJqc2tCWnJDTtIB3wFBVV95cUxQeDV1MjNwbUt6OU9VcjlQWTBsRjczQnhtcTc2SHFWUk9wRjc3cmU0UGs5TTN6S25WckJqdGJnWjVXUENiaUZ0bGJfZ3dnYnItUWcwUHVPOG5xUVdRVzdTNG16TzZ3Znhnam5yZUNiazhyM0hZQ2JFS00taXFpNEl2MmZLWEhSTVlUa3BTc0QtR3JUckE0WExoQ3hTU3NCTlF2bkFFSHk3Y2s4ZjQwdjZuQ08zUEFZWUtfdFk0eDJxMzFFalZ6ZVJKSE9SS1pPSWJQT3pKWnRTX25PODcwZ2tR?oc=5\" target=\"_blank\">Europa pogr\u0105\u017ca si\u0119 w kryzysie mieszkaniowym. Tak pa\u0144stwa radz\u0105 sobie (lub nie) z najmem kr\u00f3tkoterminowym<\/a>&nbsp;&nbsp;<font color=\"#6f6f6f\">Bankier.pl<\/font><br \/>\n<br \/><br \/>\n<br \/><a href=\"https:\/\/news.google.com\/rss\/articles\/CBMi4AFBVV95cUxQWHJxdzVVa2pIU1o0dzdTdmFzMm91c0pKay0zdXFDRm9JY1dfb1pGbEFKRldjVzlDeVZqc0xKaHRzcHlxcTBhekY2dXZWYUNlQ1pwc3I5T0dvWWlXU0NsbGNLcWxYSjZzTGIyS1dmbVByYlFxekJyc014SGpOT1JTY0J0ekZxZm01aWdGTHU5OHhWMV9ZdkRNNU9EdDlHaGtnZHhyQ2o1Rm9xR0YyQjJhUUowNmZYb1N5cW5OcTVJeDNRS3l0dGJSMk1oc0N6V0QzVkdnT25HSDJqc2tCWnJDTtIB3wFBVV95cUxQeDV1MjNwbUt6OU9VcjlQWTBsRjczQnhtcTc2SHFWUk9wRjc3cmU0UGs5TTN6S25WckJqdGJnWjVXUENiaUZ0bGJfZ3dnYnItUWcwUHVPOG5xUVdRVzdTNG16TzZ3Znhnam5yZUNiazhyM0hZQ2JFS00taXFpNEl2MmZLWEhSTVlUa3BTc0QtR3JUckE0WExoQ3hTU3NCTlF2bkFFSHk3Y2s4ZjQwdjZuQ08zUEFZWUtfdFk0eDJxMzFFalZ6ZVJKSE9SS1pPSWJQT3pKWnRTX25PODcwZ2tR?oc=5\">\u0179r\u00f3d\u0142o<\/a><\/p>\n","protected":false},"excerpt":{"rendered":"<p>Europa pogr\u0105\u017ca si\u0119 w kryzysie mieszkaniowym. Tak pa\u0144stwa radz\u0105 sobie (lub nie) z najmem kr\u00f3tkoterminowym&nbsp;&nbsp;Bankier.pl \u0179r\u00f3d\u0142o<\/p>\n","protected":false},"author":1,"featured_media":0,"comment_status":"closed","ping_status":"closed","sticky":false,"template":"","format":"standard","meta":{"footnotes":""},"categories":[1141,1186],"tags":[],"class_list":{"0":"post-15222","1":"post","2":"type-post","3":"status-publish","4":"format-standard","6":"category-real-estate-fr","7":"category-real-estate-pl"},"_links":{"self":[{"href":"https:\/\/eunewsroom.com\/pl\/wp-json\/wp\/v2\/posts\/15222","targetHints":{"allow":["GET"]}}],"collection":[{"href":"https:\/\/eunewsroom.com\/pl\/wp-json\/wp\/v2\/posts"}],"about":[{"href":"https:\/\/eunewsroom.com\/pl\/wp-json\/wp\/v2\/types\/post"}],"author":[{"embeddable":true,"href":"https:\/\/eunewsroom.com\/pl\/wp-json\/wp\/v2\/users\/1"}],"replies":[{"embeddable":true,"href":"https:\/\/eunewsroom.com\/pl\/wp-json\/wp\/v2\/comments?post=15222"}],"version-history":[{"count":0,"href":"https:\/\/eunewsroom.com\/pl\/wp-json\/wp\/v2\/posts\/15222\/revisions"}],"wp:attachment":[{"href":"https:\/\/eunewsroom.com\/pl\/wp-json\/wp\/v2\/media?parent=15222"}],"wp:term":[{"taxonomy":"category","embeddable":true,"href":"https:\/\/eunewsroom.com\/pl\/wp-json\/wp\/v2\/categories?post=15222"},{"taxonomy":"post_tag","embeddable":true,"href":"https:\/\/eunewsroom.com\/pl\/wp-json\/wp\/v2\/tags?post=15222"}],"curies":[{"name":"wp","href":"https:\/\/api.w.org\/{rel}","templated":true}]}}