{"id":15016,"date":"2024-11-18T14:50:18","date_gmt":"2024-11-18T14:50:18","guid":{"rendered":"https:\/\/eunewsroom.com\/zakaz-palenia-w-parkach-i-na-placach-zabaw-miliardy-euro-od-unii-europejskiej-rynekzdrowia-pl\/"},"modified":"2024-11-18T14:50:18","modified_gmt":"2024-11-18T14:50:18","slug":"zakaz-palenia-w-parkach-i-na-placach-zabaw-miliardy-euro-od-unii-europejskiej-rynekzdrowia-pl","status":"publish","type":"post","link":"https:\/\/eunewsroom.com\/pl\/zakaz-palenia-w-parkach-i-na-placach-zabaw-miliardy-euro-od-unii-europejskiej-rynekzdrowia-pl\/","title":{"rendered":"Zakaz palenia w parkach i na placach zabaw. Miliardy euro od Unii Europejskiej &#8211; RynekZdrowia.pl"},"content":{"rendered":"<p> <br \/>\n<br \/><a href=\"https:\/\/news.google.com\/rss\/articles\/CBMi0AFBVV95cUxOSW5oMnhmVFZkdXNnRzRRRjlfMEFPakU4eGEwTU5OQjA3MkFmZzVYNlJNamozN1Q2SjFNWDluYkRqLVcwQUJIUjhnWm9Fbk1QOFJhUTViVXRPNGhicWJHM1RIanpjbTVNMXNuMUhtbXRUN0VsVVlReEtoRF9xTmNaNHhUY1pkVm1sOG5EUUlWTzFCQ1JhblNaM0MyZjFOelhYa3FCbEx3YUpsbkhMZ01Yc3dnWGJ2U1kzRkk3SUpjaFF4YVR4Q3pPWEhVangxdkpu?oc=5\" target=\"_blank\">Zakaz palenia w parkach i na placach zabaw. Miliardy euro od Unii Europejskiej<\/a>&nbsp;&nbsp;<font color=\"#6f6f6f\">RynekZdrowia.pl<\/font><br \/>\n<br \/><br \/>\n<br \/><a href=\"https:\/\/news.google.com\/rss\/articles\/CBMi0AFBVV95cUxOSW5oMnhmVFZkdXNnRzRRRjlfMEFPakU4eGEwTU5OQjA3MkFmZzVYNlJNamozN1Q2SjFNWDluYkRqLVcwQUJIUjhnWm9Fbk1QOFJhUTViVXRPNGhicWJHM1RIanpjbTVNMXNuMUhtbXRUN0VsVVlReEtoRF9xTmNaNHhUY1pkVm1sOG5EUUlWTzFCQ1JhblNaM0MyZjFOelhYa3FCbEx3YUpsbkhMZ01Yc3dnWGJ2U1kzRkk3SUpjaFF4YVR4Q3pPWEhVangxdkpu?oc=5\">\u0179r\u00f3d\u0142o<\/a><\/p>\n","protected":false},"excerpt":{"rendered":"<p>Zakaz palenia w parkach i na placach zabaw. Miliardy euro od Unii Europejskiej&nbsp;&nbsp;RynekZdrowia.pl \u0179r\u00f3d\u0142o<\/p>\n","protected":false},"author":1,"featured_media":0,"comment_status":"closed","ping_status":"closed","sticky":false,"template":"","format":"standard","meta":{"footnotes":""},"categories":[1184,1139],"tags":[],"class_list":{"0":"post-15016","1":"post","2":"type-post","3":"status-publish","4":"format-standard","6":"category-healthcare-pl","7":"category-healthcare-fr"},"_links":{"self":[{"href":"https:\/\/eunewsroom.com\/pl\/wp-json\/wp\/v2\/posts\/15016","targetHints":{"allow":["GET"]}}],"collection":[{"href":"https:\/\/eunewsroom.com\/pl\/wp-json\/wp\/v2\/posts"}],"about":[{"href":"https:\/\/eunewsroom.com\/pl\/wp-json\/wp\/v2\/types\/post"}],"author":[{"embeddable":true,"href":"https:\/\/eunewsroom.com\/pl\/wp-json\/wp\/v2\/users\/1"}],"replies":[{"embeddable":true,"href":"https:\/\/eunewsroom.com\/pl\/wp-json\/wp\/v2\/comments?post=15016"}],"version-history":[{"count":0,"href":"https:\/\/eunewsroom.com\/pl\/wp-json\/wp\/v2\/posts\/15016\/revisions"}],"wp:attachment":[{"href":"https:\/\/eunewsroom.com\/pl\/wp-json\/wp\/v2\/media?parent=15016"}],"wp:term":[{"taxonomy":"category","embeddable":true,"href":"https:\/\/eunewsroom.com\/pl\/wp-json\/wp\/v2\/categories?post=15016"},{"taxonomy":"post_tag","embeddable":true,"href":"https:\/\/eunewsroom.com\/pl\/wp-json\/wp\/v2\/tags?post=15016"}],"curies":[{"name":"wp","href":"https:\/\/api.w.org\/{rel}","templated":true}]}}