{"id":15015,"date":"2024-11-18T14:40:08","date_gmt":"2024-11-18T14:40:08","guid":{"rendered":"https:\/\/eunewsroom.com\/koalicja-obywatelska-i-pis-glosuja-za-dewastacja-swiatowych-lasow-kronika24-pl\/"},"modified":"2024-11-18T14:40:08","modified_gmt":"2024-11-18T14:40:08","slug":"koalicja-obywatelska-i-pis-glosuja-za-dewastacja-swiatowych-lasow-kronika24-pl","status":"publish","type":"post","link":"https:\/\/eunewsroom.com\/pl\/koalicja-obywatelska-i-pis-glosuja-za-dewastacja-swiatowych-lasow-kronika24-pl\/","title":{"rendered":"Koalicja Obywatelska i PiS g\u0142osuj\u0105 za dewastacj\u0105 \u015bwiatowych las\u00f3w! &#8211; Kronika24.pl"},"content":{"rendered":"<p> <br \/>\n<br \/><a href=\"https:\/\/news.google.com\/rss\/articles\/CBMikAFBVV95cUxQZ0ltX2d4V0FZbElJTlRZd2JaRkxHR2RBRnZyU08wT0I0bHdZazhJZkJkanNBSXpjQllyN0hKWmVKNDM5dE8zRHJkalRjRzRSWnpIUkRoUUhSUVdzLURSUnlIVGNPNjUxd19ab1RFYXBIUmRtNDUxcmlfNHk2UUtUN2s3cWFhNWVjN1Z5R2pvV1jSAZYBQVVfeXFMUEw2RGx0OG1PLWRyQ3d2cjdyakwwMnJGN25MVGxKa3NFTnBJcmpmR3kzeHlSYlY0YUxtVElMVUItMTNRRnZZWmt5T1BrWkFxOUsxOTFKWGk2ZjRTeU9laWtSZFBOTXJiQ0JBczFWSGtkSklxRDNFclpUR2p3MUhuQjk0am1uZVFIM3hBUTJMeVpnYWFrMi1R?oc=5\" target=\"_blank\">Koalicja Obywatelska i PiS g\u0142osuj\u0105 za dewastacj\u0105 \u015bwiatowych las\u00f3w!<\/a>&nbsp;&nbsp;<font color=\"#6f6f6f\">Kronika24.pl<\/font><br \/>\n<br \/><br \/>\n<br \/><a href=\"https:\/\/news.google.com\/rss\/articles\/CBMikAFBVV95cUxQZ0ltX2d4V0FZbElJTlRZd2JaRkxHR2RBRnZyU08wT0I0bHdZazhJZkJkanNBSXpjQllyN0hKWmVKNDM5dE8zRHJkalRjRzRSWnpIUkRoUUhSUVdzLURSUnlIVGNPNjUxd19ab1RFYXBIUmRtNDUxcmlfNHk2UUtUN2s3cWFhNWVjN1Z5R2pvV1jSAZYBQVVfeXFMUEw2RGx0OG1PLWRyQ3d2cjdyakwwMnJGN25MVGxKa3NFTnBJcmpmR3kzeHlSYlY0YUxtVElMVUItMTNRRnZZWmt5T1BrWkFxOUsxOTFKWGk2ZjRTeU9laWtSZFBOTXJiQ0JBczFWSGtkSklxRDNFclpUR2p3MUhuQjk0am1uZVFIM3hBUTJMeVpnYWFrMi1R?oc=5\">\u0179r\u00f3d\u0142o<\/a><\/p>\n","protected":false},"excerpt":{"rendered":"<p>Koalicja Obywatelska i PiS g\u0142osuj\u0105 za dewastacj\u0105 \u015bwiatowych las\u00f3w!&nbsp;&nbsp;Kronika24.pl \u0179r\u00f3d\u0142o<\/p>\n","protected":false},"author":1,"featured_media":0,"comment_status":"closed","ping_status":"closed","sticky":false,"template":"","format":"standard","meta":{"footnotes":""},"categories":[1148,1194],"tags":[],"class_list":{"0":"post-15015","1":"post","2":"type-post","3":"status-publish","4":"format-standard","6":"category-lifestyle-fr","7":"category-lifestyle-pl"},"_links":{"self":[{"href":"https:\/\/eunewsroom.com\/pl\/wp-json\/wp\/v2\/posts\/15015","targetHints":{"allow":["GET"]}}],"collection":[{"href":"https:\/\/eunewsroom.com\/pl\/wp-json\/wp\/v2\/posts"}],"about":[{"href":"https:\/\/eunewsroom.com\/pl\/wp-json\/wp\/v2\/types\/post"}],"author":[{"embeddable":true,"href":"https:\/\/eunewsroom.com\/pl\/wp-json\/wp\/v2\/users\/1"}],"replies":[{"embeddable":true,"href":"https:\/\/eunewsroom.com\/pl\/wp-json\/wp\/v2\/comments?post=15015"}],"version-history":[{"count":0,"href":"https:\/\/eunewsroom.com\/pl\/wp-json\/wp\/v2\/posts\/15015\/revisions"}],"wp:attachment":[{"href":"https:\/\/eunewsroom.com\/pl\/wp-json\/wp\/v2\/media?parent=15015"}],"wp:term":[{"taxonomy":"category","embeddable":true,"href":"https:\/\/eunewsroom.com\/pl\/wp-json\/wp\/v2\/categories?post=15015"},{"taxonomy":"post_tag","embeddable":true,"href":"https:\/\/eunewsroom.com\/pl\/wp-json\/wp\/v2\/tags?post=15015"}],"curies":[{"name":"wp","href":"https:\/\/api.w.org\/{rel}","templated":true}]}}