{"id":15013,"date":"2024-11-18T14:20:06","date_gmt":"2024-11-18T14:20:06","guid":{"rendered":"https:\/\/eunewsroom.com\/ousmane-dembele-planuje-emeryture-zamierza-zainwestowac-w-nieruchomosci-po-karierze-pilkarskiej-footboom\/"},"modified":"2024-11-18T14:20:06","modified_gmt":"2024-11-18T14:20:06","slug":"ousmane-dembele-planuje-emeryture-zamierza-zainwestowac-w-nieruchomosci-po-karierze-pilkarskiej-footboom","status":"publish","type":"post","link":"https:\/\/eunewsroom.com\/pl\/ousmane-dembele-planuje-emeryture-zamierza-zainwestowac-w-nieruchomosci-po-karierze-pilkarskiej-footboom\/","title":{"rendered":"Ousmane Demb\u00e9l\u00e9 planuje emerytur\u0119: zamierza zainwestowa\u0107 w nieruchomo\u015bci po karierze pi\u0142karskiej &#8211; FootBoom"},"content":{"rendered":"<p> <br \/>\n<br \/><a href=\"https:\/\/news.google.com\/rss\/articles\/CBMixAFBVV95cUxPUWtGZnZieFNSWG9DdU5EUXlGY1l0T0JWSjZwTVdGSlYxaWpfX1RSVzVuQ1loMjFWSXZ3cjEtdGhDLWJ5cUdyOFJtR2RqQUtfRGN5eFRwNEJPWHZ5MFVVNUV4OE9JcW90Y3I2dHNoNjBNNnRDN3BZNmpKX3J6ZXcydG95STdxTVo0Zm1MOTZIaFhURWI5YWtpNVl3ZDdPaGI1MlhIOVgtX25oYkNQcXdnVkNLZVAxWGxYTnp0cGRfLVR6RkVL?oc=5\" target=\"_blank\">Ousmane Demb\u00e9l\u00e9 planuje emerytur\u0119: zamierza zainwestowa\u0107 w nieruchomo\u015bci po karierze pi\u0142karskiej<\/a>&nbsp;&nbsp;<font color=\"#6f6f6f\">FootBoom<\/font><br \/>\n<br \/><br \/>\n<br \/><a href=\"https:\/\/news.google.com\/rss\/articles\/CBMixAFBVV95cUxPUWtGZnZieFNSWG9DdU5EUXlGY1l0T0JWSjZwTVdGSlYxaWpfX1RSVzVuQ1loMjFWSXZ3cjEtdGhDLWJ5cUdyOFJtR2RqQUtfRGN5eFRwNEJPWHZ5MFVVNUV4OE9JcW90Y3I2dHNoNjBNNnRDN3BZNmpKX3J6ZXcydG95STdxTVo0Zm1MOTZIaFhURWI5YWtpNVl3ZDdPaGI1MlhIOVgtX25oYkNQcXdnVkNLZVAxWGxYTnp0cGRfLVR6RkVL?oc=5\">\u0179r\u00f3d\u0142o<\/a><\/p>\n","protected":false},"excerpt":{"rendered":"<p>Ousmane Demb\u00e9l\u00e9 planuje emerytur\u0119: zamierza zainwestowa\u0107 w nieruchomo\u015bci po karierze pi\u0142karskiej&nbsp;&nbsp;FootBoom \u0179r\u00f3d\u0142o<\/p>\n","protected":false},"author":1,"featured_media":0,"comment_status":"closed","ping_status":"closed","sticky":false,"template":"","format":"standard","meta":{"footnotes":""},"categories":[1141,1186],"tags":[],"class_list":{"0":"post-15013","1":"post","2":"type-post","3":"status-publish","4":"format-standard","6":"category-real-estate-fr","7":"category-real-estate-pl"},"_links":{"self":[{"href":"https:\/\/eunewsroom.com\/pl\/wp-json\/wp\/v2\/posts\/15013","targetHints":{"allow":["GET"]}}],"collection":[{"href":"https:\/\/eunewsroom.com\/pl\/wp-json\/wp\/v2\/posts"}],"about":[{"href":"https:\/\/eunewsroom.com\/pl\/wp-json\/wp\/v2\/types\/post"}],"author":[{"embeddable":true,"href":"https:\/\/eunewsroom.com\/pl\/wp-json\/wp\/v2\/users\/1"}],"replies":[{"embeddable":true,"href":"https:\/\/eunewsroom.com\/pl\/wp-json\/wp\/v2\/comments?post=15013"}],"version-history":[{"count":0,"href":"https:\/\/eunewsroom.com\/pl\/wp-json\/wp\/v2\/posts\/15013\/revisions"}],"wp:attachment":[{"href":"https:\/\/eunewsroom.com\/pl\/wp-json\/wp\/v2\/media?parent=15013"}],"wp:term":[{"taxonomy":"category","embeddable":true,"href":"https:\/\/eunewsroom.com\/pl\/wp-json\/wp\/v2\/categories?post=15013"},{"taxonomy":"post_tag","embeddable":true,"href":"https:\/\/eunewsroom.com\/pl\/wp-json\/wp\/v2\/tags?post=15013"}],"curies":[{"name":"wp","href":"https:\/\/api.w.org\/{rel}","templated":true}]}}