{"id":14870,"date":"2024-11-11T14:40:08","date_gmt":"2024-11-11T14:40:08","guid":{"rendered":"https:\/\/eunewsroom.com\/liczba-lozek-szpitalnych-w-ue-spadek-o-7-od-2012-r-aktualnie-516-lozek-na-100-tys-osob-niemcy-z-najwieksza-liczba-642-107-lozek-polityka-zdrowotna\/"},"modified":"2024-11-11T14:40:08","modified_gmt":"2024-11-11T14:40:08","slug":"liczba-lozek-szpitalnych-w-ue-spadek-o-7-od-2012-r-aktualnie-516-lozek-na-100-tys-osob-niemcy-z-najwieksza-liczba-642-107-lozek-polityka-zdrowotna","status":"publish","type":"post","link":"https:\/\/eunewsroom.com\/pl\/liczba-lozek-szpitalnych-w-ue-spadek-o-7-od-2012-r-aktualnie-516-lozek-na-100-tys-osob-niemcy-z-najwieksza-liczba-642-107-lozek-polityka-zdrowotna\/","title":{"rendered":"Liczba \u0142\u00f3\u017cek szpitalnych w UE: spadek o 7% od 2012 r., aktualnie 516 \u0142\u00f3\u017cek na 100 tys. os\u00f3b. Niemcy z najwi\u0119ksz\u0105 liczb\u0105 &#8211; 642 107 \u0142\u00f3\u017cek. &#8211; Polityka Zdrowotna"},"content":{"rendered":"<p> <br \/>\n<br \/><a href=\"https:\/\/news.google.com\/rss\/articles\/CBMie0FVX3lxTE9qV3N3LWdvVHRLdjNrSFM1VzQxMnEyQWhsODhhRUN6SV80czdjTWlZSW1YTzVpSXlqTDZtYnBnSUptTW4yeWtET1ZVek9rT1c5aWFZMVJCeHdrLWM5d1MxaVRNXzBZa0dOTU9mT0FRZElnVjFFRm9oZWktOA?oc=5\" target=\"_blank\" rel=\"noopener\">Liczba \u0142\u00f3\u017cek szpitalnych w UE: spadek o 7% od 2012 r., aktualnie 516 \u0142\u00f3\u017cek na 100 tys. os\u00f3b. Niemcy z najwi\u0119ksz\u0105 liczb\u0105 &#8211; 642 107 \u0142\u00f3\u017cek.<\/a>&nbsp;&nbsp;<font color=\"#6f6f6f\">Polityka Zdrowotna<\/font><br \/>\n<br \/><br \/>\n<br \/><a href=\"https:\/\/news.google.com\/rss\/articles\/CBMie0FVX3lxTE9qV3N3LWdvVHRLdjNrSFM1VzQxMnEyQWhsODhhRUN6SV80czdjTWlZSW1YTzVpSXlqTDZtYnBnSUptTW4yeWtET1ZVek9rT1c5aWFZMVJCeHdrLWM5d1MxaVRNXzBZa0dOTU9mT0FRZElnVjFFRm9oZWktOA?oc=5\">\u0179r\u00f3d\u0142o<\/a><\/p>\n","protected":false},"excerpt":{"rendered":"<p>Liczba \u0142\u00f3\u017cek szpitalnych w UE: spadek o 7% od 2012 r., aktualnie 516 \u0142\u00f3\u017cek na 100 tys. os\u00f3b. Niemcy z najwi\u0119ksz\u0105 liczb\u0105 &#8211; 642 107 \u0142\u00f3\u017cek.&nbsp;&nbsp;Polityka Zdrowotna \u0179r\u00f3d\u0142o<\/p>\n","protected":false},"author":1,"featured_media":0,"comment_status":"closed","ping_status":"closed","sticky":false,"template":"","format":"standard","meta":{"footnotes":""},"categories":[1184,1139],"tags":[],"class_list":{"0":"post-14870","1":"post","2":"type-post","3":"status-publish","4":"format-standard","6":"category-healthcare-pl","7":"category-healthcare-fr"},"_links":{"self":[{"href":"https:\/\/eunewsroom.com\/pl\/wp-json\/wp\/v2\/posts\/14870","targetHints":{"allow":["GET"]}}],"collection":[{"href":"https:\/\/eunewsroom.com\/pl\/wp-json\/wp\/v2\/posts"}],"about":[{"href":"https:\/\/eunewsroom.com\/pl\/wp-json\/wp\/v2\/types\/post"}],"author":[{"embeddable":true,"href":"https:\/\/eunewsroom.com\/pl\/wp-json\/wp\/v2\/users\/1"}],"replies":[{"embeddable":true,"href":"https:\/\/eunewsroom.com\/pl\/wp-json\/wp\/v2\/comments?post=14870"}],"version-history":[{"count":0,"href":"https:\/\/eunewsroom.com\/pl\/wp-json\/wp\/v2\/posts\/14870\/revisions"}],"wp:attachment":[{"href":"https:\/\/eunewsroom.com\/pl\/wp-json\/wp\/v2\/media?parent=14870"}],"wp:term":[{"taxonomy":"category","embeddable":true,"href":"https:\/\/eunewsroom.com\/pl\/wp-json\/wp\/v2\/categories?post=14870"},{"taxonomy":"post_tag","embeddable":true,"href":"https:\/\/eunewsroom.com\/pl\/wp-json\/wp\/v2\/tags?post=14870"}],"curies":[{"name":"wp","href":"https:\/\/api.w.org\/{rel}","templated":true}]}}