{"id":14868,"date":"2024-11-11T14:20:08","date_gmt":"2024-11-11T14:20:08","guid":{"rendered":"https:\/\/eunewsroom.com\/polityka-zagraniczna-trumpa-prof-laidler-spodziewam-sie-kontynuacji-polskieradio24-pl\/"},"modified":"2024-11-11T14:20:08","modified_gmt":"2024-11-11T14:20:08","slug":"polityka-zagraniczna-trumpa-prof-laidler-spodziewam-sie-kontynuacji-polskieradio24-pl","status":"publish","type":"post","link":"https:\/\/eunewsroom.com\/pl\/polityka-zagraniczna-trumpa-prof-laidler-spodziewam-sie-kontynuacji-polskieradio24-pl\/","title":{"rendered":"Polityka zagraniczna Trumpa. Prof. Laidler: spodziewam si\u0119 kontynuacji &#8211; PolskieRadio24.pl"},"content":{"rendered":"<p> <br \/>\n<br \/><a href=\"https:\/\/news.google.com\/rss\/articles\/CBMirgFBVV95cUxPYy1aYmQ1TDVWOXpQWHZvYTFlV0x5R2tjWTV3dXp2YjJENEI1Y29hSUtiMnR0aE9BTjBPUzlPbkZLWTFlYkxVSjFSMWdYSTZJUnVMaG0yd1lzTGxlMUNDRGg4MVZNQkJBN2JVcl82cTdPX1pza3JKaGU1ZE1MLXhOTVA1eHNVZ1FJOXBOaVNOSWxWXzgzV1pvNGh0RWxaSUZ1SElURmhnckhHajA4TVE?oc=5\" target=\"_blank\" rel=\"noopener\">Polityka zagraniczna Trumpa. Prof. Laidler: spodziewam si\u0119 kontynuacji<\/a>&nbsp;&nbsp;<font color=\"#6f6f6f\">PolskieRadio24.pl<\/font><br \/>\n<br \/><br \/>\n<br \/><a href=\"https:\/\/news.google.com\/rss\/articles\/CBMirgFBVV95cUxPYy1aYmQ1TDVWOXpQWHZvYTFlV0x5R2tjWTV3dXp2YjJENEI1Y29hSUtiMnR0aE9BTjBPUzlPbkZLWTFlYkxVSjFSMWdYSTZJUnVMaG0yd1lzTGxlMUNDRGg4MVZNQkJBN2JVcl82cTdPX1pza3JKaGU1ZE1MLXhOTVA1eHNVZ1FJOXBOaVNOSWxWXzgzV1pvNGh0RWxaSUZ1SElURmhnckhHajA4TVE?oc=5\">\u0179r\u00f3d\u0142o<\/a><\/p>\n","protected":false},"excerpt":{"rendered":"<p>Polityka zagraniczna Trumpa. Prof. Laidler: spodziewam si\u0119 kontynuacji&nbsp;&nbsp;PolskieRadio24.pl \u0179r\u00f3d\u0142o<\/p>\n","protected":false},"author":1,"featured_media":0,"comment_status":"closed","ping_status":"closed","sticky":false,"template":"","format":"standard","meta":{"footnotes":""},"categories":[1145,1191],"tags":[],"class_list":{"0":"post-14868","1":"post","2":"type-post","3":"status-publish","4":"format-standard","6":"category-politics-fr","7":"category-politics-pl"},"_links":{"self":[{"href":"https:\/\/eunewsroom.com\/pl\/wp-json\/wp\/v2\/posts\/14868","targetHints":{"allow":["GET"]}}],"collection":[{"href":"https:\/\/eunewsroom.com\/pl\/wp-json\/wp\/v2\/posts"}],"about":[{"href":"https:\/\/eunewsroom.com\/pl\/wp-json\/wp\/v2\/types\/post"}],"author":[{"embeddable":true,"href":"https:\/\/eunewsroom.com\/pl\/wp-json\/wp\/v2\/users\/1"}],"replies":[{"embeddable":true,"href":"https:\/\/eunewsroom.com\/pl\/wp-json\/wp\/v2\/comments?post=14868"}],"version-history":[{"count":0,"href":"https:\/\/eunewsroom.com\/pl\/wp-json\/wp\/v2\/posts\/14868\/revisions"}],"wp:attachment":[{"href":"https:\/\/eunewsroom.com\/pl\/wp-json\/wp\/v2\/media?parent=14868"}],"wp:term":[{"taxonomy":"category","embeddable":true,"href":"https:\/\/eunewsroom.com\/pl\/wp-json\/wp\/v2\/categories?post=14868"},{"taxonomy":"post_tag","embeddable":true,"href":"https:\/\/eunewsroom.com\/pl\/wp-json\/wp\/v2\/tags?post=14868"}],"curies":[{"name":"wp","href":"https:\/\/api.w.org\/{rel}","templated":true}]}}