{"id":14865,"date":"2024-11-11T13:50:10","date_gmt":"2024-11-11T13:50:10","guid":{"rendered":"https:\/\/eunewsroom.com\/komisja-europejska-kontra-apple-tym-razem-chodzi-o-system-operacyjny-ipadow-bankier-pl\/"},"modified":"2024-11-11T13:50:10","modified_gmt":"2024-11-11T13:50:10","slug":"komisja-europejska-kontra-apple-tym-razem-chodzi-o-system-operacyjny-ipadow-bankier-pl","status":"publish","type":"post","link":"https:\/\/eunewsroom.com\/pl\/komisja-europejska-kontra-apple-tym-razem-chodzi-o-system-operacyjny-ipadow-bankier-pl\/","title":{"rendered":"Komisja Europejska kontra Apple. Tym razem chodzi o system operacyjny iPad\u00f3w &#8211; Bankier.pl"},"content":{"rendered":"<p> <br \/>\n<br \/><a href=\"https:\/\/news.google.com\/rss\/articles\/CBMivgFBVV95cUxQX2RiMUxkZTJQVGJfeXNQbmhRT1pFRWpicWllMVdyeFE4eVNOSUNxamxHMmxreWJwS1VjMTNkUkJXek9SSVdfMEF5QnZPQ3dRa3NxRk8tWUZMMEViR195ZVVpcG1GS3hvaXdpQWVYVmdqdUJiSXNyOGdwbm4yQzlOYTBWZHY1akFDTW9iRWU2RzBXbU1ZQWYxT01jcEJzajRrdDRDXzAwYmNFMG14cHRkNVRROENRb1JzdTRVRVRn0gG8AUFVX3lxTE82cVdWWmtsazFveHFzRm9wLWR5Q1R0aTY1aDVCUDA2Mm93UTM4ZmNmWkl1d3prWFRVZjNleDhWU2ZtZmNzTjQ1d3NvbEZvYkFub1Vjcl80ZlU2V1FiR3hCZHZpWXBmVmRvQmM5d05YSzhPMk0zeVNrcGpYRWFzdjRVcWV1dGszTFVxUGQ4QzFSNHpqREN5WjRCMlpPSHZ6c1ZidXRjeWphSFh5TzNubTB3UjlrWmN6WWxoQzdX?oc=5\" target=\"_blank\" rel=\"noopener\">Komisja Europejska kontra Apple. Tym razem chodzi o system operacyjny iPad\u00f3w<\/a>&nbsp;&nbsp;<font color=\"#6f6f6f\">Bankier.pl<\/font><br \/>\n<br \/><br \/>\n<br \/><a href=\"https:\/\/news.google.com\/rss\/articles\/CBMivgFBVV95cUxQX2RiMUxkZTJQVGJfeXNQbmhRT1pFRWpicWllMVdyeFE4eVNOSUNxamxHMmxreWJwS1VjMTNkUkJXek9SSVdfMEF5QnZPQ3dRa3NxRk8tWUZMMEViR195ZVVpcG1GS3hvaXdpQWVYVmdqdUJiSXNyOGdwbm4yQzlOYTBWZHY1akFDTW9iRWU2RzBXbU1ZQWYxT01jcEJzajRrdDRDXzAwYmNFMG14cHRkNVRROENRb1JzdTRVRVRn0gG8AUFVX3lxTE82cVdWWmtsazFveHFzRm9wLWR5Q1R0aTY1aDVCUDA2Mm93UTM4ZmNmWkl1d3prWFRVZjNleDhWU2ZtZmNzTjQ1d3NvbEZvYkFub1Vjcl80ZlU2V1FiR3hCZHZpWXBmVmRvQmM5d05YSzhPMk0zeVNrcGpYRWFzdjRVcWV1dGszTFVxUGQ4QzFSNHpqREN5WjRCMlpPSHZ6c1ZidXRjeWphSFh5TzNubTB3UjlrWmN6WWxoQzdX?oc=5\">\u0179r\u00f3d\u0142o<\/a><\/p>\n","protected":false},"excerpt":{"rendered":"<p>Komisja Europejska kontra Apple. Tym razem chodzi o system operacyjny iPad\u00f3w&nbsp;&nbsp;Bankier.pl \u0179r\u00f3d\u0142o<\/p>\n","protected":false},"author":1,"featured_media":0,"comment_status":"closed","ping_status":"closed","sticky":false,"template":"","format":"standard","meta":{"footnotes":""},"categories":[1187,1142],"tags":[],"class_list":{"0":"post-14865","1":"post","2":"type-post","3":"status-publish","4":"format-standard","6":"category-technology-pl","7":"category-technology-fr"},"_links":{"self":[{"href":"https:\/\/eunewsroom.com\/pl\/wp-json\/wp\/v2\/posts\/14865","targetHints":{"allow":["GET"]}}],"collection":[{"href":"https:\/\/eunewsroom.com\/pl\/wp-json\/wp\/v2\/posts"}],"about":[{"href":"https:\/\/eunewsroom.com\/pl\/wp-json\/wp\/v2\/types\/post"}],"author":[{"embeddable":true,"href":"https:\/\/eunewsroom.com\/pl\/wp-json\/wp\/v2\/users\/1"}],"replies":[{"embeddable":true,"href":"https:\/\/eunewsroom.com\/pl\/wp-json\/wp\/v2\/comments?post=14865"}],"version-history":[{"count":0,"href":"https:\/\/eunewsroom.com\/pl\/wp-json\/wp\/v2\/posts\/14865\/revisions"}],"wp:attachment":[{"href":"https:\/\/eunewsroom.com\/pl\/wp-json\/wp\/v2\/media?parent=14865"}],"wp:term":[{"taxonomy":"category","embeddable":true,"href":"https:\/\/eunewsroom.com\/pl\/wp-json\/wp\/v2\/categories?post=14865"},{"taxonomy":"post_tag","embeddable":true,"href":"https:\/\/eunewsroom.com\/pl\/wp-json\/wp\/v2\/tags?post=14865"}],"curies":[{"name":"wp","href":"https:\/\/api.w.org\/{rel}","templated":true}]}}