{"id":14648,"date":"2024-11-04T15:20:09","date_gmt":"2024-11-04T15:20:09","guid":{"rendered":"https:\/\/eunewsroom.com\/chiny-wstrzymuja-inwestycje-w-europie-odwet-za-nowe-cla-na-pojazdy-elektryczne-strefa-biznesu\/"},"modified":"2024-11-04T15:20:09","modified_gmt":"2024-11-04T15:20:09","slug":"chiny-wstrzymuja-inwestycje-w-europie-odwet-za-nowe-cla-na-pojazdy-elektryczne-strefa-biznesu","status":"publish","type":"post","link":"https:\/\/eunewsroom.com\/pl\/chiny-wstrzymuja-inwestycje-w-europie-odwet-za-nowe-cla-na-pojazdy-elektryczne-strefa-biznesu\/","title":{"rendered":"Chiny wstrzymuj\u0105 inwestycje w Europie: Odwet za nowe c\u0142a na pojazdy elektryczne &#8211; Strefa Biznesu"},"content":{"rendered":"<p> <br \/>\n<br \/><a href=\"https:\/\/news.google.com\/rss\/articles\/CBMiugFBVV95cUxQdzdwM0Y4dElSa0JubGNJZUJ6eTVWSV9CYkJXZlZEdHlETjRtTE1mc3Q3V1VHY2JweEZjcFA4Z1NLZnVfLVN0emlGOEY5SjM3clRZTU9nSjNZMEY2dnZBWEt5ZHFER3pqSzQ3NFJqTEpRS29VMFFJczk0U1lsc0NjZk5LMGNYWkw4VWxDd3dtdm5lN3FLZ05yUHl6cW9mVHpuVnRNaGdWbEZhdXV3SlZ2OUZHUDU1Y3dya3c?oc=5\" target=\"_blank\" rel=\"noopener\">Chiny wstrzymuj\u0105 inwestycje w Europie: Odwet za nowe c\u0142a na pojazdy elektryczne<\/a>&nbsp;&nbsp;<font color=\"#6f6f6f\">Strefa Biznesu<\/font><br \/>\n<br \/><br \/>\n<br \/><a href=\"https:\/\/news.google.com\/rss\/articles\/CBMiugFBVV95cUxQdzdwM0Y4dElSa0JubGNJZUJ6eTVWSV9CYkJXZlZEdHlETjRtTE1mc3Q3V1VHY2JweEZjcFA4Z1NLZnVfLVN0emlGOEY5SjM3clRZTU9nSjNZMEY2dnZBWEt5ZHFER3pqSzQ3NFJqTEpRS29VMFFJczk0U1lsc0NjZk5LMGNYWkw4VWxDd3dtdm5lN3FLZ05yUHl6cW9mVHpuVnRNaGdWbEZhdXV3SlZ2OUZHUDU1Y3dya3c?oc=5\">\u0179r\u00f3d\u0142o<\/a><\/p>\n","protected":false},"excerpt":{"rendered":"<p>Chiny wstrzymuj\u0105 inwestycje w Europie: Odwet za nowe c\u0142a na pojazdy elektryczne&nbsp;&nbsp;Strefa Biznesu \u0179r\u00f3d\u0142o<\/p>\n","protected":false},"author":1,"featured_media":0,"comment_status":"closed","ping_status":"closed","sticky":false,"template":"","format":"standard","meta":{"footnotes":""},"categories":[1140,1185],"tags":[],"class_list":{"0":"post-14648","1":"post","2":"type-post","3":"status-publish","4":"format-standard","6":"category-automotive-fr","7":"category-automotive-pl"},"_links":{"self":[{"href":"https:\/\/eunewsroom.com\/pl\/wp-json\/wp\/v2\/posts\/14648","targetHints":{"allow":["GET"]}}],"collection":[{"href":"https:\/\/eunewsroom.com\/pl\/wp-json\/wp\/v2\/posts"}],"about":[{"href":"https:\/\/eunewsroom.com\/pl\/wp-json\/wp\/v2\/types\/post"}],"author":[{"embeddable":true,"href":"https:\/\/eunewsroom.com\/pl\/wp-json\/wp\/v2\/users\/1"}],"replies":[{"embeddable":true,"href":"https:\/\/eunewsroom.com\/pl\/wp-json\/wp\/v2\/comments?post=14648"}],"version-history":[{"count":0,"href":"https:\/\/eunewsroom.com\/pl\/wp-json\/wp\/v2\/posts\/14648\/revisions"}],"wp:attachment":[{"href":"https:\/\/eunewsroom.com\/pl\/wp-json\/wp\/v2\/media?parent=14648"}],"wp:term":[{"taxonomy":"category","embeddable":true,"href":"https:\/\/eunewsroom.com\/pl\/wp-json\/wp\/v2\/categories?post=14648"},{"taxonomy":"post_tag","embeddable":true,"href":"https:\/\/eunewsroom.com\/pl\/wp-json\/wp\/v2\/tags?post=14648"}],"curies":[{"name":"wp","href":"https:\/\/api.w.org\/{rel}","templated":true}]}}