{"id":14641,"date":"2024-11-04T14:00:10","date_gmt":"2024-11-04T14:00:10","guid":{"rendered":"https:\/\/eunewsroom.com\/87-polakow-ma-dom-na-wlasnosc-szwajcarow-tylko-42-jednak-do-albanczykow-nam-daleko-fxmag\/"},"modified":"2024-11-04T14:00:10","modified_gmt":"2024-11-04T14:00:10","slug":"87-polakow-ma-dom-na-wlasnosc-szwajcarow-tylko-42-jednak-do-albanczykow-nam-daleko-fxmag","status":"publish","type":"post","link":"https:\/\/eunewsroom.com\/pl\/87-polakow-ma-dom-na-wlasnosc-szwajcarow-tylko-42-jednak-do-albanczykow-nam-daleko-fxmag\/","title":{"rendered":"87% Polak\u00f3w ma dom na w\u0142asno\u015b\u0107, Szwajcar\u00f3w tylko 42%. Jednak do Alba\u0144czyk\u00f3w nam daleko &#8211; FXMAG"},"content":{"rendered":"<p> <br \/>\n<br \/><a href=\"https:\/\/news.google.com\/rss\/articles\/CBMiuAFBVV95cUxNOWtpTTNoRlU4dGRDbmExVEdYNVpraTI2WFlESzRnbG9FV2hnYWVoMF93UThYUkN3aTlwUEdwclAzTHVLRHdLTWlkbzVfLUd0d1BLRkQ1amlIcGRCWFY4dkREQUhhYnA1ZUhIbnNEcnk2TDk0QkdSUVR2MmFCZ1lXMXBFZFZlWTF3WHhwbmxJY0luLU1Za08tTTZWM1lWYU1hTlBWdGtXem40SjJ5VDg4RVl3Q3l5aXM1?oc=5\" target=\"_blank\" rel=\"noopener\">87% Polak\u00f3w ma dom na w\u0142asno\u015b\u0107, Szwajcar\u00f3w tylko 42%. Jednak do Alba\u0144czyk\u00f3w nam daleko<\/a>&nbsp;&nbsp;<font color=\"#6f6f6f\">FXMAG<\/font><br \/>\n<br \/><br \/>\n<br \/><a href=\"https:\/\/news.google.com\/rss\/articles\/CBMiuAFBVV95cUxNOWtpTTNoRlU4dGRDbmExVEdYNVpraTI2WFlESzRnbG9FV2hnYWVoMF93UThYUkN3aTlwUEdwclAzTHVLRHdLTWlkbzVfLUd0d1BLRkQ1amlIcGRCWFY4dkREQUhhYnA1ZUhIbnNEcnk2TDk0QkdSUVR2MmFCZ1lXMXBFZFZlWTF3WHhwbmxJY0luLU1Za08tTTZWM1lWYU1hTlBWdGtXem40SjJ5VDg4RVl3Q3l5aXM1?oc=5\">\u0179r\u00f3d\u0142o<\/a><\/p>\n","protected":false},"excerpt":{"rendered":"<p>87% Polak\u00f3w ma dom na w\u0142asno\u015b\u0107, Szwajcar\u00f3w tylko 42%. Jednak do Alba\u0144czyk\u00f3w nam daleko&nbsp;&nbsp;FXMAG \u0179r\u00f3d\u0142o<\/p>\n","protected":false},"author":1,"featured_media":0,"comment_status":"closed","ping_status":"closed","sticky":false,"template":"","format":"standard","meta":{"footnotes":""},"categories":[1141,1186],"tags":[],"class_list":{"0":"post-14641","1":"post","2":"type-post","3":"status-publish","4":"format-standard","6":"category-real-estate-fr","7":"category-real-estate-pl"},"_links":{"self":[{"href":"https:\/\/eunewsroom.com\/pl\/wp-json\/wp\/v2\/posts\/14641","targetHints":{"allow":["GET"]}}],"collection":[{"href":"https:\/\/eunewsroom.com\/pl\/wp-json\/wp\/v2\/posts"}],"about":[{"href":"https:\/\/eunewsroom.com\/pl\/wp-json\/wp\/v2\/types\/post"}],"author":[{"embeddable":true,"href":"https:\/\/eunewsroom.com\/pl\/wp-json\/wp\/v2\/users\/1"}],"replies":[{"embeddable":true,"href":"https:\/\/eunewsroom.com\/pl\/wp-json\/wp\/v2\/comments?post=14641"}],"version-history":[{"count":0,"href":"https:\/\/eunewsroom.com\/pl\/wp-json\/wp\/v2\/posts\/14641\/revisions"}],"wp:attachment":[{"href":"https:\/\/eunewsroom.com\/pl\/wp-json\/wp\/v2\/media?parent=14641"}],"wp:term":[{"taxonomy":"category","embeddable":true,"href":"https:\/\/eunewsroom.com\/pl\/wp-json\/wp\/v2\/categories?post=14641"},{"taxonomy":"post_tag","embeddable":true,"href":"https:\/\/eunewsroom.com\/pl\/wp-json\/wp\/v2\/tags?post=14641"}],"curies":[{"name":"wp","href":"https:\/\/api.w.org\/{rel}","templated":true}]}}