{"id":14638,"date":"2024-11-04T13:30:09","date_gmt":"2024-11-04T13:30:09","guid":{"rendered":"https:\/\/eunewsroom.com\/odwiedz-najpiekniejsze-jarmarki-swiateczne-europy-zaplanuj-wyjazd-juz-teraz-03-11-2024-glos-wielkopolski\/"},"modified":"2024-11-04T13:30:09","modified_gmt":"2024-11-04T13:30:09","slug":"odwiedz-najpiekniejsze-jarmarki-swiateczne-europy-zaplanuj-wyjazd-juz-teraz-03-11-2024-glos-wielkopolski","status":"publish","type":"post","link":"https:\/\/eunewsroom.com\/pl\/odwiedz-najpiekniejsze-jarmarki-swiateczne-europy-zaplanuj-wyjazd-juz-teraz-03-11-2024-glos-wielkopolski\/","title":{"rendered":"Odwied\u017a najpi\u0119kniejsze jarmarki \u015bwi\u0105teczne Europy. Zaplanuj wyjazd ju\u017c teraz! [03.11.2024] &#8211; G\u0142os Wielkopolski"},"content":{"rendered":"<p> <br \/>\n<br \/><a href=\"https:\/\/news.google.com\/rss\/articles\/CBMiyAFBVV95cUxPWk4xZU43SHpLTkZGUXM2cHVlTFJJdVJlOUFRWDhVQlJ0R1VYVmNfR2pBRFdvUXRXQ0ZnWXRHMGxjSWVRalBrM08yMUl2RURsNEl6Zko0RGt3U0xsaW1pMXQ5dkVfdE1ld1ZtbEpsa3JFMUlmRjZpM2JoaVl6TnQ3S0RuckhqOGF6N3Zaem1xdFdSQmRzUkN0QURBWnh0LTgyYjVIanRZOTNQdDdzZnJZLTl1cWozcEVrMUFKaVpBQk1fZEplcm9tMA?oc=5\" target=\"_blank\" rel=\"noopener\">Odwied\u017a najpi\u0119kniejsze jarmarki \u015bwi\u0105teczne Europy. Zaplanuj wyjazd ju\u017c teraz! [03.11.2024]<\/a>&nbsp;&nbsp;<font color=\"#6f6f6f\">G\u0142os Wielkopolski<\/font><br \/>\n<br \/><br \/>\n<br \/><a href=\"https:\/\/news.google.com\/rss\/articles\/CBMiyAFBVV95cUxPWk4xZU43SHpLTkZGUXM2cHVlTFJJdVJlOUFRWDhVQlJ0R1VYVmNfR2pBRFdvUXRXQ0ZnWXRHMGxjSWVRalBrM08yMUl2RURsNEl6Zko0RGt3U0xsaW1pMXQ5dkVfdE1ld1ZtbEpsa3JFMUlmRjZpM2JoaVl6TnQ3S0RuckhqOGF6N3Zaem1xdFdSQmRzUkN0QURBWnh0LTgyYjVIanRZOTNQdDdzZnJZLTl1cWozcEVrMUFKaVpBQk1fZEplcm9tMA?oc=5\">\u0179r\u00f3d\u0142o<\/a><\/p>\n","protected":false},"excerpt":{"rendered":"<p>Odwied\u017a najpi\u0119kniejsze jarmarki \u015bwi\u0105teczne Europy. Zaplanuj wyjazd ju\u017c teraz! [03.11.2024]&nbsp;&nbsp;G\u0142os Wielkopolski \u0179r\u00f3d\u0142o<\/p>\n","protected":false},"author":1,"featured_media":0,"comment_status":"closed","ping_status":"closed","sticky":false,"template":"","format":"standard","meta":{"footnotes":""},"categories":[1197,1151],"tags":[],"class_list":{"0":"post-14638","1":"post","2":"type-post","3":"status-publish","4":"format-standard","6":"category-travel-pl","7":"category-travel-fr"},"_links":{"self":[{"href":"https:\/\/eunewsroom.com\/pl\/wp-json\/wp\/v2\/posts\/14638","targetHints":{"allow":["GET"]}}],"collection":[{"href":"https:\/\/eunewsroom.com\/pl\/wp-json\/wp\/v2\/posts"}],"about":[{"href":"https:\/\/eunewsroom.com\/pl\/wp-json\/wp\/v2\/types\/post"}],"author":[{"embeddable":true,"href":"https:\/\/eunewsroom.com\/pl\/wp-json\/wp\/v2\/users\/1"}],"replies":[{"embeddable":true,"href":"https:\/\/eunewsroom.com\/pl\/wp-json\/wp\/v2\/comments?post=14638"}],"version-history":[{"count":0,"href":"https:\/\/eunewsroom.com\/pl\/wp-json\/wp\/v2\/posts\/14638\/revisions"}],"wp:attachment":[{"href":"https:\/\/eunewsroom.com\/pl\/wp-json\/wp\/v2\/media?parent=14638"}],"wp:term":[{"taxonomy":"category","embeddable":true,"href":"https:\/\/eunewsroom.com\/pl\/wp-json\/wp\/v2\/categories?post=14638"},{"taxonomy":"post_tag","embeddable":true,"href":"https:\/\/eunewsroom.com\/pl\/wp-json\/wp\/v2\/tags?post=14638"}],"curies":[{"name":"wp","href":"https:\/\/api.w.org\/{rel}","templated":true}]}}