{"id":14488,"date":"2024-10-28T13:40:08","date_gmt":"2024-10-28T13:40:08","guid":{"rendered":"https:\/\/eunewsroom.com\/mieszkania-w-warszawie-mniej-dostepne-niz-w-madrycie-czy-krajach-beneluksu-zestawienie-cen-mieszkan-w-stosunku-do-zarobkow-biznes-wprost\/"},"modified":"2024-10-28T13:40:08","modified_gmt":"2024-10-28T13:40:08","slug":"mieszkania-w-warszawie-mniej-dostepne-niz-w-madrycie-czy-krajach-beneluksu-zestawienie-cen-mieszkan-w-stosunku-do-zarobkow-biznes-wprost","status":"publish","type":"post","link":"https:\/\/eunewsroom.com\/pl\/mieszkania-w-warszawie-mniej-dostepne-niz-w-madrycie-czy-krajach-beneluksu-zestawienie-cen-mieszkan-w-stosunku-do-zarobkow-biznes-wprost\/","title":{"rendered":"Mieszkania w Warszawie mniej dost\u0119pne ni\u017c w Madrycie czy krajach Beneluksu. Zestawienie cen mieszka\u0144 w stosunku do zarobk\u00f3w &#8211; Biznes Wprost"},"content":{"rendered":"<p> <br \/>\n<br \/><a href=\"https:\/\/news.google.com\/rss\/articles\/CBMihAJBVV95cUxNa3NOTE5Zd2hNaUZCbmlQQXlTaFI3bEltSWlINHBXRjJ4QXd3eV9zZ3JTNlViSUJnQU9DTDFFTmFNamZnZXR3YXRQZUttczBXNWRFTEpJQV91bzdZNXBXakdZNDc5SUtsRnBuMjdVS190OHBIMW5CaDB5dTBlcmFNenUyZUJ3YXlIYmxHUU1LUFJveE4xMkJQM1V1NTlXaE51Smh6dkR0MDBHZThSb21NQ3gxb0c1dEQtRHJ5c1NXa2VMM1p1SVBGYmZJei1OVlRpaVlfZkFaWmFuUWI1ZHozRUVjSEdMeXJrZDNFSTNqajEtNEJNeEVNcGY3WEVUWFRidGF5M9IB-AFBVV95cUxQeUhSZWFzZ3FEa2tWUVlTQXBsN0ltajFnREdfRTV1VEQ3dGo3ektQYVNXRUp1WDRmZnJIakRNcF9YTmlqdTBnSFJnZF9FRjlXS2Z4ejFDTDJpdy0yRHVCNkJVYXZKQUszUVZDSVVwdkZaOUpqQWFKZDRUcW8zVTdiZU5WTnVOVGN5V21DODRuNHF4Q3RFSUJhcHZkVW1WSm5MU1psYWVGOGZYeDVnZEYwYXlsTHVxVkdFT1hRNnhWaXFOTnNDWFNSVjZqRGpNbmlUM0NNc0dRME42bmY2d296blZsR3F0ekI0aEM3VENURGhIWnhqS1Y4Vw?oc=5\" target=\"_blank\" rel=\"noopener\">Mieszkania w Warszawie mniej dost\u0119pne ni\u017c w Madrycie czy krajach Beneluksu. Zestawienie cen mieszka\u0144 w stosunku do zarobk\u00f3w<\/a>&nbsp;&nbsp;<font color=\"#6f6f6f\">Biznes Wprost<\/font><br \/>\n<br \/><br \/>\n<br \/><a href=\"https:\/\/news.google.com\/rss\/articles\/CBMihAJBVV95cUxNa3NOTE5Zd2hNaUZCbmlQQXlTaFI3bEltSWlINHBXRjJ4QXd3eV9zZ3JTNlViSUJnQU9DTDFFTmFNamZnZXR3YXRQZUttczBXNWRFTEpJQV91bzdZNXBXakdZNDc5SUtsRnBuMjdVS190OHBIMW5CaDB5dTBlcmFNenUyZUJ3YXlIYmxHUU1LUFJveE4xMkJQM1V1NTlXaE51Smh6dkR0MDBHZThSb21NQ3gxb0c1dEQtRHJ5c1NXa2VMM1p1SVBGYmZJei1OVlRpaVlfZkFaWmFuUWI1ZHozRUVjSEdMeXJrZDNFSTNqajEtNEJNeEVNcGY3WEVUWFRidGF5M9IB-AFBVV95cUxQeUhSZWFzZ3FEa2tWUVlTQXBsN0ltajFnREdfRTV1VEQ3dGo3ektQYVNXRUp1WDRmZnJIakRNcF9YTmlqdTBnSFJnZF9FRjlXS2Z4ejFDTDJpdy0yRHVCNkJVYXZKQUszUVZDSVVwdkZaOUpqQWFKZDRUcW8zVTdiZU5WTnVOVGN5V21DODRuNHF4Q3RFSUJhcHZkVW1WSm5MU1psYWVGOGZYeDVnZEYwYXlsTHVxVkdFT1hRNnhWaXFOTnNDWFNSVjZqRGpNbmlUM0NNc0dRME42bmY2d296blZsR3F0ekI0aEM3VENURGhIWnhqS1Y4Vw?oc=5\">\u0179r\u00f3d\u0142o<\/a><\/p>\n","protected":false},"excerpt":{"rendered":"<p>Mieszkania w Warszawie mniej dost\u0119pne ni\u017c w Madrycie czy krajach Beneluksu. Zestawienie cen mieszka\u0144 w stosunku do zarobk\u00f3w&nbsp;&nbsp;Biznes Wprost \u0179r\u00f3d\u0142o<\/p>\n","protected":false},"author":1,"featured_media":0,"comment_status":"closed","ping_status":"closed","sticky":false,"template":"","format":"standard","meta":{"footnotes":""},"categories":[1141,1186],"tags":[],"class_list":{"0":"post-14488","1":"post","2":"type-post","3":"status-publish","4":"format-standard","6":"category-real-estate-fr","7":"category-real-estate-pl"},"_links":{"self":[{"href":"https:\/\/eunewsroom.com\/pl\/wp-json\/wp\/v2\/posts\/14488","targetHints":{"allow":["GET"]}}],"collection":[{"href":"https:\/\/eunewsroom.com\/pl\/wp-json\/wp\/v2\/posts"}],"about":[{"href":"https:\/\/eunewsroom.com\/pl\/wp-json\/wp\/v2\/types\/post"}],"author":[{"embeddable":true,"href":"https:\/\/eunewsroom.com\/pl\/wp-json\/wp\/v2\/users\/1"}],"replies":[{"embeddable":true,"href":"https:\/\/eunewsroom.com\/pl\/wp-json\/wp\/v2\/comments?post=14488"}],"version-history":[{"count":0,"href":"https:\/\/eunewsroom.com\/pl\/wp-json\/wp\/v2\/posts\/14488\/revisions"}],"wp:attachment":[{"href":"https:\/\/eunewsroom.com\/pl\/wp-json\/wp\/v2\/media?parent=14488"}],"wp:term":[{"taxonomy":"category","embeddable":true,"href":"https:\/\/eunewsroom.com\/pl\/wp-json\/wp\/v2\/categories?post=14488"},{"taxonomy":"post_tag","embeddable":true,"href":"https:\/\/eunewsroom.com\/pl\/wp-json\/wp\/v2\/tags?post=14488"}],"curies":[{"name":"wp","href":"https:\/\/api.w.org\/{rel}","templated":true}]}}