{"id":14485,"date":"2024-10-28T13:10:08","date_gmt":"2024-10-28T13:10:08","guid":{"rendered":"https:\/\/eunewsroom.com\/odwiedz-najpiekniejsze-jarmarki-swiateczne-europy-zaplanuj-wyjazd-juz-teraz-leszno-naszemiasto-pl\/"},"modified":"2024-10-28T13:10:08","modified_gmt":"2024-10-28T13:10:08","slug":"odwiedz-najpiekniejsze-jarmarki-swiateczne-europy-zaplanuj-wyjazd-juz-teraz-leszno-naszemiasto-pl","status":"publish","type":"post","link":"https:\/\/eunewsroom.com\/pl\/odwiedz-najpiekniejsze-jarmarki-swiateczne-europy-zaplanuj-wyjazd-juz-teraz-leszno-naszemiasto-pl\/","title":{"rendered":"Odwied\u017a najpi\u0119kniejsze jarmarki \u015bwi\u0105teczne Europy. Zaplanuj wyjazd ju\u017c teraz! &#8211; Leszno NaszeMiasto.pl"},"content":{"rendered":"<p> <br \/>\n<br \/><a href=\"https:\/\/news.google.com\/rss\/articles\/CBMivwFBVV95cUxOWWFxcjNKQ0hBY0hVOXpLUWw3RHhhWV9pUVFnejNSU2EySDZhV1NJbWZNcG03TXIxUHIxUExzSjhnUjZvbW84T1JNdGZUekJkUmY1ZWF3SEFUSnZCRmVxckI5TkduODRBLTl1QnpUbWxSWmhrNmw4RG1pRGRzbFg4b1lGbk9ZdGpHZWR5a3lrMFZzZGpVYS1RaUpMR3JLd25nSERGNWs0a05NOUZuNjg2MWJXUWExOTVPVjduam12Zw?oc=5\" target=\"_blank\" rel=\"noopener\">Odwied\u017a najpi\u0119kniejsze jarmarki \u015bwi\u0105teczne Europy. Zaplanuj wyjazd ju\u017c teraz!<\/a>&nbsp;&nbsp;<font color=\"#6f6f6f\">Leszno NaszeMiasto.pl<\/font><br \/>\n<br \/><br \/>\n<br \/><a href=\"https:\/\/news.google.com\/rss\/articles\/CBMivwFBVV95cUxOWWFxcjNKQ0hBY0hVOXpLUWw3RHhhWV9pUVFnejNSU2EySDZhV1NJbWZNcG03TXIxUHIxUExzSjhnUjZvbW84T1JNdGZUekJkUmY1ZWF3SEFUSnZCRmVxckI5TkduODRBLTl1QnpUbWxSWmhrNmw4RG1pRGRzbFg4b1lGbk9ZdGpHZWR5a3lrMFZzZGpVYS1RaUpMR3JLd25nSERGNWs0a05NOUZuNjg2MWJXUWExOTVPVjduam12Zw?oc=5\">\u0179r\u00f3d\u0142o<\/a><\/p>\n","protected":false},"excerpt":{"rendered":"<p>Odwied\u017a najpi\u0119kniejsze jarmarki \u015bwi\u0105teczne Europy. Zaplanuj wyjazd ju\u017c teraz!&nbsp;&nbsp;Leszno NaszeMiasto.pl \u0179r\u00f3d\u0142o<\/p>\n","protected":false},"author":1,"featured_media":0,"comment_status":"closed","ping_status":"closed","sticky":false,"template":"","format":"standard","meta":{"footnotes":""},"categories":[1197,1151],"tags":[],"class_list":{"0":"post-14485","1":"post","2":"type-post","3":"status-publish","4":"format-standard","6":"category-travel-pl","7":"category-travel-fr"},"_links":{"self":[{"href":"https:\/\/eunewsroom.com\/pl\/wp-json\/wp\/v2\/posts\/14485","targetHints":{"allow":["GET"]}}],"collection":[{"href":"https:\/\/eunewsroom.com\/pl\/wp-json\/wp\/v2\/posts"}],"about":[{"href":"https:\/\/eunewsroom.com\/pl\/wp-json\/wp\/v2\/types\/post"}],"author":[{"embeddable":true,"href":"https:\/\/eunewsroom.com\/pl\/wp-json\/wp\/v2\/users\/1"}],"replies":[{"embeddable":true,"href":"https:\/\/eunewsroom.com\/pl\/wp-json\/wp\/v2\/comments?post=14485"}],"version-history":[{"count":0,"href":"https:\/\/eunewsroom.com\/pl\/wp-json\/wp\/v2\/posts\/14485\/revisions"}],"wp:attachment":[{"href":"https:\/\/eunewsroom.com\/pl\/wp-json\/wp\/v2\/media?parent=14485"}],"wp:term":[{"taxonomy":"category","embeddable":true,"href":"https:\/\/eunewsroom.com\/pl\/wp-json\/wp\/v2\/categories?post=14485"},{"taxonomy":"post_tag","embeddable":true,"href":"https:\/\/eunewsroom.com\/pl\/wp-json\/wp\/v2\/tags?post=14485"}],"curies":[{"name":"wp","href":"https:\/\/api.w.org\/{rel}","templated":true}]}}