{"id":14330,"date":"2024-10-21T14:10:10","date_gmt":"2024-10-21T14:10:10","guid":{"rendered":"https:\/\/eunewsroom.com\/francuska-firma-energetyczna-oskarza-czechy-przed-komisja-europejska-kresy-pl\/"},"modified":"2024-10-21T14:10:10","modified_gmt":"2024-10-21T14:10:10","slug":"francuska-firma-energetyczna-oskarza-czechy-przed-komisja-europejska-kresy-pl","status":"publish","type":"post","link":"https:\/\/eunewsroom.com\/pl\/francuska-firma-energetyczna-oskarza-czechy-przed-komisja-europejska-kresy-pl\/","title":{"rendered":"Francuska firma energetyczna oskar\u017ca Czechy przed Komisj\u0105 Europejsk\u0105 &#8211; Kresy.pl"},"content":{"rendered":"<p> <br \/>\n<br \/><a href=\"https:\/\/news.google.com\/rss\/articles\/CBMingFBVV95cUxPWmc2RGd6UGZBbW92YlM3SWNvQ19VOURpYUZoVzFBWVJ1R1hTbF9RazFPUHNvRmRpdUhXMjJ2c0JCQklncHRlb1R0SWRSeEZISnJzUEVVV2EzU3lkamo1NHJKVExieXAtR0dkX2ptWUYtQTZMV0FBTHNLNG13RHNCMGZjOFViVXJSejRPNUVRRC1JRmo2TnUwS0xBcTc2Zw?oc=5\" target=\"_blank\" rel=\"noopener\">Francuska firma energetyczna oskar\u017ca Czechy przed Komisj\u0105 Europejsk\u0105<\/a>&nbsp;&nbsp;<font color=\"#6f6f6f\">Kresy.pl<\/font><br \/>\n<br \/><br \/>\n<br \/><a href=\"https:\/\/news.google.com\/rss\/articles\/CBMingFBVV95cUxPWmc2RGd6UGZBbW92YlM3SWNvQ19VOURpYUZoVzFBWVJ1R1hTbF9RazFPUHNvRmRpdUhXMjJ2c0JCQklncHRlb1R0SWRSeEZISnJzUEVVV2EzU3lkamo1NHJKVExieXAtR0dkX2ptWUYtQTZMV0FBTHNLNG13RHNCMGZjOFViVXJSejRPNUVRRC1JRmo2TnUwS0xBcTc2Zw?oc=5\">\u0179r\u00f3d\u0142o<\/a><\/p>\n","protected":false},"excerpt":{"rendered":"<p>Francuska firma energetyczna oskar\u017ca Czechy przed Komisj\u0105 Europejsk\u0105&nbsp;&nbsp;Kresy.pl \u0179r\u00f3d\u0142o<\/p>\n","protected":false},"author":1,"featured_media":0,"comment_status":"closed","ping_status":"closed","sticky":false,"template":"","format":"standard","meta":{"footnotes":""},"categories":[1192,1146],"tags":[],"class_list":{"0":"post-14330","1":"post","2":"type-post","3":"status-publish","4":"format-standard","6":"category-energy-pl","7":"category-energy-fr"},"_links":{"self":[{"href":"https:\/\/eunewsroom.com\/pl\/wp-json\/wp\/v2\/posts\/14330","targetHints":{"allow":["GET"]}}],"collection":[{"href":"https:\/\/eunewsroom.com\/pl\/wp-json\/wp\/v2\/posts"}],"about":[{"href":"https:\/\/eunewsroom.com\/pl\/wp-json\/wp\/v2\/types\/post"}],"author":[{"embeddable":true,"href":"https:\/\/eunewsroom.com\/pl\/wp-json\/wp\/v2\/users\/1"}],"replies":[{"embeddable":true,"href":"https:\/\/eunewsroom.com\/pl\/wp-json\/wp\/v2\/comments?post=14330"}],"version-history":[{"count":0,"href":"https:\/\/eunewsroom.com\/pl\/wp-json\/wp\/v2\/posts\/14330\/revisions"}],"wp:attachment":[{"href":"https:\/\/eunewsroom.com\/pl\/wp-json\/wp\/v2\/media?parent=14330"}],"wp:term":[{"taxonomy":"category","embeddable":true,"href":"https:\/\/eunewsroom.com\/pl\/wp-json\/wp\/v2\/categories?post=14330"},{"taxonomy":"post_tag","embeddable":true,"href":"https:\/\/eunewsroom.com\/pl\/wp-json\/wp\/v2\/tags?post=14330"}],"curies":[{"name":"wp","href":"https:\/\/api.w.org\/{rel}","templated":true}]}}