{"id":14327,"date":"2024-10-21T13:40:10","date_gmt":"2024-10-21T13:40:10","guid":{"rendered":"https:\/\/eunewsroom.com\/niz-genuenski-znowu-da-o-sobie-znac-mknie-na-poludnie-europy-interia-kobieta\/"},"modified":"2024-10-21T13:40:10","modified_gmt":"2024-10-21T13:40:10","slug":"niz-genuenski-znowu-da-o-sobie-znac-mknie-na-poludnie-europy-interia-kobieta","status":"publish","type":"post","link":"https:\/\/eunewsroom.com\/pl\/niz-genuenski-znowu-da-o-sobie-znac-mknie-na-poludnie-europy-interia-kobieta\/","title":{"rendered":"Ni\u017c genue\u0144ski znowu da o sobie zna\u0107? Mknie na po\u0142udnie Europy &#8211; Interia Kobieta"},"content":{"rendered":"<p> <br \/>\n<br \/><a href=\"https:\/\/news.google.com\/rss\/articles\/CBMiuAFBVV95cUxNVV9pWWp4MUR6Vm8yZ05NNU1oRHpuNzJaZGE5R1VBaGNSVlRIOVhXVkJPYUo1RHpLTDdNQTJ3dW5PQlplVkZFUGVuTTNsaHF1eEJlVEJUUmNjSWFSOTIzaXJwQW13Qk5zVTUzRGNmQ0tnUEx4UzhnbEk0MnlBR090c3cxZURvdzJvYXA5czAtdVZZSW5ELTJMbXpqZzduVl9ITHlyaVpVZW9GdEpMZDhPTW5YZUExb2JV?oc=5\" target=\"_blank\" rel=\"noopener\">Ni\u017c genue\u0144ski znowu da o sobie zna\u0107? Mknie na po\u0142udnie Europy<\/a>&nbsp;&nbsp;<font color=\"#6f6f6f\">Interia Kobieta<\/font><br \/>\n<br \/><br \/>\n<br \/><a href=\"https:\/\/news.google.com\/rss\/articles\/CBMiuAFBVV95cUxNVV9pWWp4MUR6Vm8yZ05NNU1oRHpuNzJaZGE5R1VBaGNSVlRIOVhXVkJPYUo1RHpLTDdNQTJ3dW5PQlplVkZFUGVuTTNsaHF1eEJlVEJUUmNjSWFSOTIzaXJwQW13Qk5zVTUzRGNmQ0tnUEx4UzhnbEk0MnlBR090c3cxZURvdzJvYXA5czAtdVZZSW5ELTJMbXpqZzduVl9ITHlyaVpVZW9GdEpMZDhPTW5YZUExb2JV?oc=5\">\u0179r\u00f3d\u0142o<\/a><\/p>\n","protected":false},"excerpt":{"rendered":"<p>Ni\u017c genue\u0144ski znowu da o sobie zna\u0107? Mknie na po\u0142udnie Europy&nbsp;&nbsp;Interia Kobieta \u0179r\u00f3d\u0142o<\/p>\n","protected":false},"author":1,"featured_media":0,"comment_status":"closed","ping_status":"closed","sticky":false,"template":"","format":"standard","meta":{"footnotes":""},"categories":[1148,1194],"tags":[],"class_list":{"0":"post-14327","1":"post","2":"type-post","3":"status-publish","4":"format-standard","6":"category-lifestyle-fr","7":"category-lifestyle-pl"},"_links":{"self":[{"href":"https:\/\/eunewsroom.com\/pl\/wp-json\/wp\/v2\/posts\/14327","targetHints":{"allow":["GET"]}}],"collection":[{"href":"https:\/\/eunewsroom.com\/pl\/wp-json\/wp\/v2\/posts"}],"about":[{"href":"https:\/\/eunewsroom.com\/pl\/wp-json\/wp\/v2\/types\/post"}],"author":[{"embeddable":true,"href":"https:\/\/eunewsroom.com\/pl\/wp-json\/wp\/v2\/users\/1"}],"replies":[{"embeddable":true,"href":"https:\/\/eunewsroom.com\/pl\/wp-json\/wp\/v2\/comments?post=14327"}],"version-history":[{"count":0,"href":"https:\/\/eunewsroom.com\/pl\/wp-json\/wp\/v2\/posts\/14327\/revisions"}],"wp:attachment":[{"href":"https:\/\/eunewsroom.com\/pl\/wp-json\/wp\/v2\/media?parent=14327"}],"wp:term":[{"taxonomy":"category","embeddable":true,"href":"https:\/\/eunewsroom.com\/pl\/wp-json\/wp\/v2\/categories?post=14327"},{"taxonomy":"post_tag","embeddable":true,"href":"https:\/\/eunewsroom.com\/pl\/wp-json\/wp\/v2\/tags?post=14327"}],"curies":[{"name":"wp","href":"https:\/\/api.w.org\/{rel}","templated":true}]}}