{"id":14326,"date":"2024-10-21T13:30:12","date_gmt":"2024-10-21T13:30:12","guid":{"rendered":"https:\/\/eunewsroom.com\/maciej-witucki-integracja-ukrainy-z-unia-europejska-przyniesie-korzysci-obu-stronom-pap-mediaroom\/"},"modified":"2024-10-21T13:30:12","modified_gmt":"2024-10-21T13:30:12","slug":"maciej-witucki-integracja-ukrainy-z-unia-europejska-przyniesie-korzysci-obu-stronom-pap-mediaroom","status":"publish","type":"post","link":"https:\/\/eunewsroom.com\/pl\/maciej-witucki-integracja-ukrainy-z-unia-europejska-przyniesie-korzysci-obu-stronom-pap-mediaroom\/","title":{"rendered":"Maciej Witucki: integracja Ukrainy z Uni\u0105 Europejsk\u0105 przyniesie korzy\u015bci obu stronom &#8211; PAP MediaRoom"},"content":{"rendered":"<p> <br \/>\n<br \/><a href=\"https:\/\/news.google.com\/rss\/articles\/CBMiuAFBVV95cUxNSUZFR2hGMkxhMkR3bEtVd2Nsbmg0aWt3MWV0TjVtb3piOFJxb2VVV0tKVHRucmtxM2hqeEJQS1YyakFRZ3hZSW5kNm9ybmpwS1NsOW9SdHVNQ0ZtaDU1WnViLW5ZVXhBMEJmWHZRSHZWaVVpSkhmZnhXWDBvZXBNMHZWMjE5bDJlMkZPNGI5amJxTFdaRGw3akRFMERUM2tNY0dJS01scmhKNFFsT05XdVQxNmZyUzli?oc=5\" target=\"_blank\" rel=\"noopener\">Maciej Witucki: integracja Ukrainy z Uni\u0105 Europejsk\u0105 przyniesie korzy\u015bci obu stronom<\/a>&nbsp;&nbsp;<font color=\"#6f6f6f\">PAP MediaRoom<\/font><br \/>\n<br \/><br \/>\n<br \/><a href=\"https:\/\/news.google.com\/rss\/articles\/CBMiuAFBVV95cUxNSUZFR2hGMkxhMkR3bEtVd2Nsbmg0aWt3MWV0TjVtb3piOFJxb2VVV0tKVHRucmtxM2hqeEJQS1YyakFRZ3hZSW5kNm9ybmpwS1NsOW9SdHVNQ0ZtaDU1WnViLW5ZVXhBMEJmWHZRSHZWaVVpSkhmZnhXWDBvZXBNMHZWMjE5bDJlMkZPNGI5amJxTFdaRGw3akRFMERUM2tNY0dJS01scmhKNFFsT05XdVQxNmZyUzli?oc=5\">\u0179r\u00f3d\u0142o<\/a><\/p>\n","protected":false},"excerpt":{"rendered":"<p>Maciej Witucki: integracja Ukrainy z Uni\u0105 Europejsk\u0105 przyniesie korzy\u015bci obu stronom&nbsp;&nbsp;PAP MediaRoom \u0179r\u00f3d\u0142o<\/p>\n","protected":false},"author":1,"featured_media":0,"comment_status":"closed","ping_status":"closed","sticky":false,"template":"","format":"standard","meta":{"footnotes":""},"categories":[1145,1191],"tags":[],"class_list":{"0":"post-14326","1":"post","2":"type-post","3":"status-publish","4":"format-standard","6":"category-politics-fr","7":"category-politics-pl"},"_links":{"self":[{"href":"https:\/\/eunewsroom.com\/pl\/wp-json\/wp\/v2\/posts\/14326","targetHints":{"allow":["GET"]}}],"collection":[{"href":"https:\/\/eunewsroom.com\/pl\/wp-json\/wp\/v2\/posts"}],"about":[{"href":"https:\/\/eunewsroom.com\/pl\/wp-json\/wp\/v2\/types\/post"}],"author":[{"embeddable":true,"href":"https:\/\/eunewsroom.com\/pl\/wp-json\/wp\/v2\/users\/1"}],"replies":[{"embeddable":true,"href":"https:\/\/eunewsroom.com\/pl\/wp-json\/wp\/v2\/comments?post=14326"}],"version-history":[{"count":0,"href":"https:\/\/eunewsroom.com\/pl\/wp-json\/wp\/v2\/posts\/14326\/revisions"}],"wp:attachment":[{"href":"https:\/\/eunewsroom.com\/pl\/wp-json\/wp\/v2\/media?parent=14326"}],"wp:term":[{"taxonomy":"category","embeddable":true,"href":"https:\/\/eunewsroom.com\/pl\/wp-json\/wp\/v2\/categories?post=14326"},{"taxonomy":"post_tag","embeddable":true,"href":"https:\/\/eunewsroom.com\/pl\/wp-json\/wp\/v2\/tags?post=14326"}],"curies":[{"name":"wp","href":"https:\/\/api.w.org\/{rel}","templated":true}]}}