{"id":14126,"date":"2024-10-14T14:00:11","date_gmt":"2024-10-14T14:00:11","guid":{"rendered":"https:\/\/eunewsroom.com\/samochod-elektryczny-to-jeden-z-najslabszych-wynikow-w-unii-europejskie-motofakty\/"},"modified":"2024-10-14T14:00:11","modified_gmt":"2024-10-14T14:00:11","slug":"samochod-elektryczny-to-jeden-z-najslabszych-wynikow-w-unii-europejskie-motofakty","status":"publish","type":"post","link":"https:\/\/eunewsroom.com\/pl\/samochod-elektryczny-to-jeden-z-najslabszych-wynikow-w-unii-europejskie-motofakty\/","title":{"rendered":"Samoch\u00f3d elektryczny. To jeden z najs\u0142abszych wynik\u00f3w w Unii Europejskie &#8211; Motofakty"},"content":{"rendered":"<p> <br \/>\n<br \/><a href=\"https:\/\/news.google.com\/rss\/articles\/CBMiqwFBVV95cUxPZTh6enVpaFUtX0kwVmY5eFp3dFhDc25XMktHMGI4ZDNkWE8xNFhwME1vRFdmVUJUazl3Wldhc0FSYmFueThlOHhxYmh3d3hGVWRpbFRPckl1RmhzRVBpRmVDaG82RzhJMm5tcVcycDdQbm5oT2tncjlaaG5iM1JFY2N0X1k1MTY0N1hWLWJOTXdKZk1SQWxEeUF5b3lWTmhLWVd5ZHJyX0NuOEk?oc=5\" target=\"_blank\" rel=\"noopener\">Samoch\u00f3d elektryczny. To jeden z najs\u0142abszych wynik\u00f3w w Unii Europejskie<\/a>&nbsp;&nbsp;<font color=\"#6f6f6f\">Motofakty<\/font><br \/>\n<br \/><br \/>\n<br \/><a href=\"https:\/\/news.google.com\/rss\/articles\/CBMiqwFBVV95cUxPZTh6enVpaFUtX0kwVmY5eFp3dFhDc25XMktHMGI4ZDNkWE8xNFhwME1vRFdmVUJUazl3Wldhc0FSYmFueThlOHhxYmh3d3hGVWRpbFRPckl1RmhzRVBpRmVDaG82RzhJMm5tcVcycDdQbm5oT2tncjlaaG5iM1JFY2N0X1k1MTY0N1hWLWJOTXdKZk1SQWxEeUF5b3lWTmhLWVd5ZHJyX0NuOEk?oc=5\">\u0179r\u00f3d\u0142o<\/a><\/p>\n","protected":false},"excerpt":{"rendered":"<p>Samoch\u00f3d elektryczny. To jeden z najs\u0142abszych wynik\u00f3w w Unii Europejskie&nbsp;&nbsp;Motofakty \u0179r\u00f3d\u0142o<\/p>\n","protected":false},"author":1,"featured_media":0,"comment_status":"closed","ping_status":"closed","sticky":false,"template":"","format":"standard","meta":{"footnotes":""},"categories":[1140,1185],"tags":[],"class_list":{"0":"post-14126","1":"post","2":"type-post","3":"status-publish","4":"format-standard","6":"category-automotive-fr","7":"category-automotive-pl"},"_links":{"self":[{"href":"https:\/\/eunewsroom.com\/pl\/wp-json\/wp\/v2\/posts\/14126","targetHints":{"allow":["GET"]}}],"collection":[{"href":"https:\/\/eunewsroom.com\/pl\/wp-json\/wp\/v2\/posts"}],"about":[{"href":"https:\/\/eunewsroom.com\/pl\/wp-json\/wp\/v2\/types\/post"}],"author":[{"embeddable":true,"href":"https:\/\/eunewsroom.com\/pl\/wp-json\/wp\/v2\/users\/1"}],"replies":[{"embeddable":true,"href":"https:\/\/eunewsroom.com\/pl\/wp-json\/wp\/v2\/comments?post=14126"}],"version-history":[{"count":0,"href":"https:\/\/eunewsroom.com\/pl\/wp-json\/wp\/v2\/posts\/14126\/revisions"}],"wp:attachment":[{"href":"https:\/\/eunewsroom.com\/pl\/wp-json\/wp\/v2\/media?parent=14126"}],"wp:term":[{"taxonomy":"category","embeddable":true,"href":"https:\/\/eunewsroom.com\/pl\/wp-json\/wp\/v2\/categories?post=14126"},{"taxonomy":"post_tag","embeddable":true,"href":"https:\/\/eunewsroom.com\/pl\/wp-json\/wp\/v2\/tags?post=14126"}],"curies":[{"name":"wp","href":"https:\/\/api.w.org\/{rel}","templated":true}]}}