{"id":14119,"date":"2024-10-14T12:40:09","date_gmt":"2024-10-14T12:40:09","guid":{"rendered":"https:\/\/eunewsroom.com\/komisja-europejska-zapowiada-mozliwosc-uruchomienia-europejskiego-programu-tanich-mieszkan-bezprawnik\/"},"modified":"2024-10-14T12:40:09","modified_gmt":"2024-10-14T12:40:09","slug":"komisja-europejska-zapowiada-mozliwosc-uruchomienia-europejskiego-programu-tanich-mieszkan-bezprawnik","status":"publish","type":"post","link":"https:\/\/eunewsroom.com\/pl\/komisja-europejska-zapowiada-mozliwosc-uruchomienia-europejskiego-programu-tanich-mieszkan-bezprawnik\/","title":{"rendered":"Komisja Europejska zapowiada mo\u017cliwo\u015b\u0107 uruchomienia europejskiego programu tanich mieszka\u0144 &#8211; Bezprawnik"},"content":{"rendered":"<p> <br \/>\n<br \/><a href=\"https:\/\/news.google.com\/rss\/articles\/CBMiaEFVX3lxTFBHSGdWdHlzMGFBQk9wa1FEMjdvN3AtTWdaUDlYREhvMk9MeFlndVpieS01X05yZzU0VEJSZGpFSDJsQlRfQ3FOR29uMHpPWDdXbjNwTVBBUVB0WDVaYkJmVWhZTlRLVTB1?oc=5\" target=\"_blank\" rel=\"noopener\">Komisja Europejska zapowiada mo\u017cliwo\u015b\u0107 uruchomienia europejskiego programu tanich mieszka\u0144<\/a>&nbsp;&nbsp;<font color=\"#6f6f6f\">Bezprawnik<\/font><br \/>\n<br \/><br \/>\n<br \/><a href=\"https:\/\/news.google.com\/rss\/articles\/CBMiaEFVX3lxTFBHSGdWdHlzMGFBQk9wa1FEMjdvN3AtTWdaUDlYREhvMk9MeFlndVpieS01X05yZzU0VEJSZGpFSDJsQlRfQ3FOR29uMHpPWDdXbjNwTVBBUVB0WDVaYkJmVWhZTlRLVTB1?oc=5\">\u0179r\u00f3d\u0142o<\/a><\/p>\n","protected":false},"excerpt":{"rendered":"<p>Komisja Europejska zapowiada mo\u017cliwo\u015b\u0107 uruchomienia europejskiego programu tanich mieszka\u0144&nbsp;&nbsp;Bezprawnik \u0179r\u00f3d\u0142o<\/p>\n","protected":false},"author":1,"featured_media":0,"comment_status":"closed","ping_status":"closed","sticky":false,"template":"","format":"standard","meta":{"footnotes":""},"categories":[1141,1186],"tags":[],"class_list":{"0":"post-14119","1":"post","2":"type-post","3":"status-publish","4":"format-standard","6":"category-real-estate-fr","7":"category-real-estate-pl"},"_links":{"self":[{"href":"https:\/\/eunewsroom.com\/pl\/wp-json\/wp\/v2\/posts\/14119","targetHints":{"allow":["GET"]}}],"collection":[{"href":"https:\/\/eunewsroom.com\/pl\/wp-json\/wp\/v2\/posts"}],"about":[{"href":"https:\/\/eunewsroom.com\/pl\/wp-json\/wp\/v2\/types\/post"}],"author":[{"embeddable":true,"href":"https:\/\/eunewsroom.com\/pl\/wp-json\/wp\/v2\/users\/1"}],"replies":[{"embeddable":true,"href":"https:\/\/eunewsroom.com\/pl\/wp-json\/wp\/v2\/comments?post=14119"}],"version-history":[{"count":0,"href":"https:\/\/eunewsroom.com\/pl\/wp-json\/wp\/v2\/posts\/14119\/revisions"}],"wp:attachment":[{"href":"https:\/\/eunewsroom.com\/pl\/wp-json\/wp\/v2\/media?parent=14119"}],"wp:term":[{"taxonomy":"category","embeddable":true,"href":"https:\/\/eunewsroom.com\/pl\/wp-json\/wp\/v2\/categories?post=14119"},{"taxonomy":"post_tag","embeddable":true,"href":"https:\/\/eunewsroom.com\/pl\/wp-json\/wp\/v2\/tags?post=14119"}],"curies":[{"name":"wp","href":"https:\/\/api.w.org\/{rel}","templated":true}]}}