{"id":13963,"date":"2024-10-07T12:00:17","date_gmt":"2024-10-07T12:00:17","guid":{"rendered":"https:\/\/eunewsroom.com\/ue-powiedziala-tak-w-sprawie-taryf-na-chinskie-pojazdy-elektryczne-co-teraz-zrobia-chiny-forsal-pl\/"},"modified":"2024-10-07T12:00:17","modified_gmt":"2024-10-07T12:00:17","slug":"ue-powiedziala-tak-w-sprawie-taryf-na-chinskie-pojazdy-elektryczne-co-teraz-zrobia-chiny-forsal-pl","status":"publish","type":"post","link":"https:\/\/eunewsroom.com\/pl\/ue-powiedziala-tak-w-sprawie-taryf-na-chinskie-pojazdy-elektryczne-co-teraz-zrobia-chiny-forsal-pl\/","title":{"rendered":"UE powiedzia\u0142a \u201etak\u201d w sprawie taryf na chi\u0144skie pojazdy elektryczne. Co teraz zrobi\u0105 Chiny? &#8211; Forsal.pl"},"content":{"rendered":"<p> <br \/>\n<br \/><a href=\"https:\/\/news.google.com\/rss\/articles\/CBMiuAFBVV95cUxNbjZfM2h1Yno3THpZV1UzUUhYU0J4aGJEYnFySmVsN0RtNVRPSUFoRTJvdEVYLTJmTlQwOFF5UTR0bHZiYVdZVDBocEtiV3BWQ2gwS3RFWFdYMU12Z3lZN21kZW9weWlaRFhUY1dGeW1yemJXSTlxUjAweTMzNG5zVk5LSEk1TElLWVFEWVlSanZmZkVZM0x5NVBGN0tyX0Y2WjBfQ055Qi0xYlBVWmtFcTQxazAzVUV0?oc=5\" target=\"_blank\" rel=\"noopener\">UE powiedzia\u0142a \u201etak\u201d w sprawie taryf na chi\u0144skie pojazdy elektryczne. Co teraz zrobi\u0105 Chiny?<\/a>&nbsp;&nbsp;<font color=\"#6f6f6f\">Forsal.pl<\/font><br \/>\n<br \/><br \/>\n<br \/><a href=\"https:\/\/news.google.com\/rss\/articles\/CBMiuAFBVV95cUxNbjZfM2h1Yno3THpZV1UzUUhYU0J4aGJEYnFySmVsN0RtNVRPSUFoRTJvdEVYLTJmTlQwOFF5UTR0bHZiYVdZVDBocEtiV3BWQ2gwS3RFWFdYMU12Z3lZN21kZW9weWlaRFhUY1dGeW1yemJXSTlxUjAweTMzNG5zVk5LSEk1TElLWVFEWVlSanZmZkVZM0x5NVBGN0tyX0Y2WjBfQ055Qi0xYlBVWmtFcTQxazAzVUV0?oc=5\">\u0179r\u00f3d\u0142o<\/a><\/p>\n","protected":false},"excerpt":{"rendered":"<p>UE powiedzia\u0142a \u201etak\u201d w sprawie taryf na chi\u0144skie pojazdy elektryczne. Co teraz zrobi\u0105 Chiny?&nbsp;&nbsp;Forsal.pl \u0179r\u00f3d\u0142o<\/p>\n","protected":false},"author":1,"featured_media":0,"comment_status":"closed","ping_status":"closed","sticky":false,"template":"","format":"standard","meta":{"footnotes":""},"categories":[1140,1185],"tags":[],"class_list":{"0":"post-13963","1":"post","2":"type-post","3":"status-publish","4":"format-standard","6":"category-automotive-fr","7":"category-automotive-pl"},"_links":{"self":[{"href":"https:\/\/eunewsroom.com\/pl\/wp-json\/wp\/v2\/posts\/13963","targetHints":{"allow":["GET"]}}],"collection":[{"href":"https:\/\/eunewsroom.com\/pl\/wp-json\/wp\/v2\/posts"}],"about":[{"href":"https:\/\/eunewsroom.com\/pl\/wp-json\/wp\/v2\/types\/post"}],"author":[{"embeddable":true,"href":"https:\/\/eunewsroom.com\/pl\/wp-json\/wp\/v2\/users\/1"}],"replies":[{"embeddable":true,"href":"https:\/\/eunewsroom.com\/pl\/wp-json\/wp\/v2\/comments?post=13963"}],"version-history":[{"count":0,"href":"https:\/\/eunewsroom.com\/pl\/wp-json\/wp\/v2\/posts\/13963\/revisions"}],"wp:attachment":[{"href":"https:\/\/eunewsroom.com\/pl\/wp-json\/wp\/v2\/media?parent=13963"}],"wp:term":[{"taxonomy":"category","embeddable":true,"href":"https:\/\/eunewsroom.com\/pl\/wp-json\/wp\/v2\/categories?post=13963"},{"taxonomy":"post_tag","embeddable":true,"href":"https:\/\/eunewsroom.com\/pl\/wp-json\/wp\/v2\/tags?post=13963"}],"curies":[{"name":"wp","href":"https:\/\/api.w.org\/{rel}","templated":true}]}}