{"id":13837,"date":"2024-09-30T11:50:08","date_gmt":"2024-09-30T11:50:08","guid":{"rendered":"https:\/\/eunewsroom.com\/dlaczego-cla-ue-raczej-nie-wplyna-na-ekspansje-chinskich-producentow-pojazdow-elektrycznych-w-europie-forsal-pl\/"},"modified":"2024-09-30T11:50:08","modified_gmt":"2024-09-30T11:50:08","slug":"dlaczego-cla-ue-raczej-nie-wplyna-na-ekspansje-chinskich-producentow-pojazdow-elektrycznych-w-europie-forsal-pl","status":"publish","type":"post","link":"https:\/\/eunewsroom.com\/pl\/dlaczego-cla-ue-raczej-nie-wplyna-na-ekspansje-chinskich-producentow-pojazdow-elektrycznych-w-europie-forsal-pl\/","title":{"rendered":"Dlaczego c\u0142a UE raczej nie wp\u0142yn\u0105 na ekspansj\u0119 chi\u0144skich producent\u00f3w pojazd\u00f3w elektrycznych w Europie &#8211; Forsal.pl"},"content":{"rendered":"<p> <br \/>\n<br \/><a href=\"https:\/\/news.google.com\/rss\/articles\/CBMiyAFBVV95cUxOem9SNFlCNXo0SVV5N0ZoaDdXQk9RUjRRR094M1E3ZzEwWmtld21pNWZDVkp5Z2gwYThmeHJwNG9DWGkwWUdwZnBVZTViOFEyaVBSSTdxNUJlQ0hHMUpxaEhvSnB2ZERpYUF3Umxzb1VuSld3Nm8wV2NDOWNjYlRUci1vY3ZGemxEYy1FVjBjWmo0Y1Q3NWg2OFQ3QzdkLWwtVGdxcTV3Y2ZWZlVycTZkTDlpcmc1VTBIcEEzdE5VdklMdVlpX2pEUQ?oc=5\" target=\"_blank\" rel=\"noopener\">Dlaczego c\u0142a UE raczej nie wp\u0142yn\u0105 na ekspansj\u0119 chi\u0144skich producent\u00f3w pojazd\u00f3w elektrycznych w Europie<\/a>&nbsp;&nbsp;<font color=\"#6f6f6f\">Forsal.pl<\/font><br \/>\n<br \/><br \/>\n<br \/><a href=\"https:\/\/news.google.com\/rss\/articles\/CBMiyAFBVV95cUxOem9SNFlCNXo0SVV5N0ZoaDdXQk9RUjRRR094M1E3ZzEwWmtld21pNWZDVkp5Z2gwYThmeHJwNG9DWGkwWUdwZnBVZTViOFEyaVBSSTdxNUJlQ0hHMUpxaEhvSnB2ZERpYUF3Umxzb1VuSld3Nm8wV2NDOWNjYlRUci1vY3ZGemxEYy1FVjBjWmo0Y1Q3NWg2OFQ3QzdkLWwtVGdxcTV3Y2ZWZlVycTZkTDlpcmc1VTBIcEEzdE5VdklMdVlpX2pEUQ?oc=5\">\u0179r\u00f3d\u0142o<\/a><\/p>\n","protected":false},"excerpt":{"rendered":"<p>Dlaczego c\u0142a UE raczej nie wp\u0142yn\u0105 na ekspansj\u0119 chi\u0144skich producent\u00f3w pojazd\u00f3w elektrycznych w Europie&nbsp;&nbsp;Forsal.pl \u0179r\u00f3d\u0142o<\/p>\n","protected":false},"author":1,"featured_media":0,"comment_status":"closed","ping_status":"closed","sticky":false,"template":"","format":"standard","meta":{"footnotes":""},"categories":[1140,1185],"tags":[],"class_list":{"0":"post-13837","1":"post","2":"type-post","3":"status-publish","4":"format-standard","6":"category-automotive-fr","7":"category-automotive-pl"},"_links":{"self":[{"href":"https:\/\/eunewsroom.com\/pl\/wp-json\/wp\/v2\/posts\/13837","targetHints":{"allow":["GET"]}}],"collection":[{"href":"https:\/\/eunewsroom.com\/pl\/wp-json\/wp\/v2\/posts"}],"about":[{"href":"https:\/\/eunewsroom.com\/pl\/wp-json\/wp\/v2\/types\/post"}],"author":[{"embeddable":true,"href":"https:\/\/eunewsroom.com\/pl\/wp-json\/wp\/v2\/users\/1"}],"replies":[{"embeddable":true,"href":"https:\/\/eunewsroom.com\/pl\/wp-json\/wp\/v2\/comments?post=13837"}],"version-history":[{"count":0,"href":"https:\/\/eunewsroom.com\/pl\/wp-json\/wp\/v2\/posts\/13837\/revisions"}],"wp:attachment":[{"href":"https:\/\/eunewsroom.com\/pl\/wp-json\/wp\/v2\/media?parent=13837"}],"wp:term":[{"taxonomy":"category","embeddable":true,"href":"https:\/\/eunewsroom.com\/pl\/wp-json\/wp\/v2\/categories?post=13837"},{"taxonomy":"post_tag","embeddable":true,"href":"https:\/\/eunewsroom.com\/pl\/wp-json\/wp\/v2\/tags?post=13837"}],"curies":[{"name":"wp","href":"https:\/\/api.w.org\/{rel}","templated":true}]}}