{"id":13835,"date":"2024-09-30T11:20:10","date_gmt":"2024-09-30T11:20:10","guid":{"rendered":"https:\/\/eunewsroom.com\/komisja-europejska-poszukuje-ekspertow-z-nauk-spolecznych-i-humanistycznych-krajowy-punkt-kontaktowy\/"},"modified":"2024-09-30T11:20:10","modified_gmt":"2024-09-30T11:20:10","slug":"komisja-europejska-poszukuje-ekspertow-z-nauk-spolecznych-i-humanistycznych-krajowy-punkt-kontaktowy","status":"publish","type":"post","link":"https:\/\/eunewsroom.com\/pl\/komisja-europejska-poszukuje-ekspertow-z-nauk-spolecznych-i-humanistycznych-krajowy-punkt-kontaktowy\/","title":{"rendered":"Komisja Europejska poszukuje ekspert\u00f3w z nauk spo\u0142ecznych i humanistycznych &#8211; Krajowy Punkt Kontaktowy"},"content":{"rendered":"<p> <br \/>\n<br \/><a href=\"https:\/\/news.google.com\/rss\/articles\/CBMinwFBVV95cUxQMWJWaF9UVlVma0NSTDNsSUt1THY1dGhuVGlGMGd1VXVxNXNDT2lMekwzRjJqTExaWDFLVjZPLTB2QWs4MmRBcmZGdlNac0hHOHJTNzlaSGpxX3I2Y1hZSERVV0RmTlF5ODUzcE16dU5aNHF5dDczbWt5bnNFTXZ1NGdSeEZqQkdydmZJUDlkVGQybTh3cmQycjNrUkp1ZTA?oc=5\" target=\"_blank\" rel=\"noopener\">Komisja Europejska poszukuje ekspert\u00f3w z nauk spo\u0142ecznych i humanistycznych<\/a>&nbsp;&nbsp;<font color=\"#6f6f6f\">Krajowy Punkt Kontaktowy<\/font><br \/>\n<br \/><br \/>\n<br \/><a href=\"https:\/\/news.google.com\/rss\/articles\/CBMinwFBVV95cUxQMWJWaF9UVlVma0NSTDNsSUt1THY1dGhuVGlGMGd1VXVxNXNDT2lMekwzRjJqTExaWDFLVjZPLTB2QWs4MmRBcmZGdlNac0hHOHJTNzlaSGpxX3I2Y1hZSERVV0RmTlF5ODUzcE16dU5aNHF5dDczbWt5bnNFTXZ1NGdSeEZqQkdydmZJUDlkVGQybTh3cmQycjNrUkp1ZTA?oc=5\">\u0179r\u00f3d\u0142o<\/a><\/p>\n","protected":false},"excerpt":{"rendered":"<p>Komisja Europejska poszukuje ekspert\u00f3w z nauk spo\u0142ecznych i humanistycznych&nbsp;&nbsp;Krajowy Punkt Kontaktowy \u0179r\u00f3d\u0142o<\/p>\n","protected":false},"author":1,"featured_media":0,"comment_status":"closed","ping_status":"closed","sticky":false,"template":"","format":"standard","meta":{"footnotes":""},"categories":[1192,1146],"tags":[],"class_list":{"0":"post-13835","1":"post","2":"type-post","3":"status-publish","4":"format-standard","6":"category-energy-pl","7":"category-energy-fr"},"_links":{"self":[{"href":"https:\/\/eunewsroom.com\/pl\/wp-json\/wp\/v2\/posts\/13835","targetHints":{"allow":["GET"]}}],"collection":[{"href":"https:\/\/eunewsroom.com\/pl\/wp-json\/wp\/v2\/posts"}],"about":[{"href":"https:\/\/eunewsroom.com\/pl\/wp-json\/wp\/v2\/types\/post"}],"author":[{"embeddable":true,"href":"https:\/\/eunewsroom.com\/pl\/wp-json\/wp\/v2\/users\/1"}],"replies":[{"embeddable":true,"href":"https:\/\/eunewsroom.com\/pl\/wp-json\/wp\/v2\/comments?post=13835"}],"version-history":[{"count":0,"href":"https:\/\/eunewsroom.com\/pl\/wp-json\/wp\/v2\/posts\/13835\/revisions"}],"wp:attachment":[{"href":"https:\/\/eunewsroom.com\/pl\/wp-json\/wp\/v2\/media?parent=13835"}],"wp:term":[{"taxonomy":"category","embeddable":true,"href":"https:\/\/eunewsroom.com\/pl\/wp-json\/wp\/v2\/categories?post=13835"},{"taxonomy":"post_tag","embeddable":true,"href":"https:\/\/eunewsroom.com\/pl\/wp-json\/wp\/v2\/tags?post=13835"}],"curies":[{"name":"wp","href":"https:\/\/api.w.org\/{rel}","templated":true}]}}