{"id":13833,"date":"2024-09-30T11:00:15","date_gmt":"2024-09-30T11:00:15","guid":{"rendered":"https:\/\/eunewsroom.com\/memorandum-zpp-w-sprawie-propozycji-dzialan-polski-w-trakcie-jej-prezydencji-w-radzie-unii-europejskiej-w-obszarze-ochrony-zdrowia-zwiazek-przedsiebiorcow-i-pracodawcow\/"},"modified":"2024-09-30T11:00:15","modified_gmt":"2024-09-30T11:00:15","slug":"memorandum-zpp-w-sprawie-propozycji-dzialan-polski-w-trakcie-jej-prezydencji-w-radzie-unii-europejskiej-w-obszarze-ochrony-zdrowia-zwiazek-przedsiebiorcow-i-pracodawcow","status":"publish","type":"post","link":"https:\/\/eunewsroom.com\/pl\/memorandum-zpp-w-sprawie-propozycji-dzialan-polski-w-trakcie-jej-prezydencji-w-radzie-unii-europejskiej-w-obszarze-ochrony-zdrowia-zwiazek-przedsiebiorcow-i-pracodawcow\/","title":{"rendered":"Memorandum ZPP w sprawie propozycji dzia\u0142a\u0144 Polski w trakcie jej prezydencji w Radzie Unii Europejskiej w obszarze ochrony zdrowia &#8211; Zwi\u0105zek Przedsi\u0119biorc\u00f3w i Pracodawc\u00f3w"},"content":{"rendered":"<p> <br \/>\n<br \/><a href=\"https:\/\/news.google.com\/rss\/articles\/CBMi5AFBVV95cUxPdUdIWFhkMHRHb2daal9fVWpXX0hMcGp4c1BKMjYwWWRtMzMySTJ3QURROHc3Ml9FaDRRRDJZYVRvc19rNmpmeFhPZ0tqNEcwQ01tdTZSMWRjVkFhU2IweFZFTWtLM0w5ak40N3hXYTlISUQxMC1qUUhQNExwaElMUFpfNWZ2elI1ejBfNzg2MUNlWGxnaWl4cEstZTZpZTFMLThwUndrY0x3Y3dZc1hqUUJIbXN5VVZuSFhqWFREUGZpTWNCTXR3enBHVW5Kc0tNQ2FjZjFyX28zeTUxenJxb0JrR04?oc=5\" target=\"_blank\" rel=\"noopener\">Memorandum ZPP w sprawie propozycji dzia\u0142a\u0144 Polski w trakcie jej prezydencji w Radzie Unii Europejskiej w obszarze ochrony zdrowia<\/a>&nbsp;&nbsp;<font color=\"#6f6f6f\">Zwi\u0105zek Przedsi\u0119biorc\u00f3w i Pracodawc\u00f3w<\/font><br \/>\n<br \/><br \/>\n<br \/><a href=\"https:\/\/news.google.com\/rss\/articles\/CBMi5AFBVV95cUxPdUdIWFhkMHRHb2daal9fVWpXX0hMcGp4c1BKMjYwWWRtMzMySTJ3QURROHc3Ml9FaDRRRDJZYVRvc19rNmpmeFhPZ0tqNEcwQ01tdTZSMWRjVkFhU2IweFZFTWtLM0w5ak40N3hXYTlISUQxMC1qUUhQNExwaElMUFpfNWZ2elI1ejBfNzg2MUNlWGxnaWl4cEstZTZpZTFMLThwUndrY0x3Y3dZc1hqUUJIbXN5VVZuSFhqWFREUGZpTWNCTXR3enBHVW5Kc0tNQ2FjZjFyX28zeTUxenJxb0JrR04?oc=5\">\u0179r\u00f3d\u0142o<\/a><\/p>\n","protected":false},"excerpt":{"rendered":"<p>Memorandum ZPP w sprawie propozycji dzia\u0142a\u0144 Polski w trakcie jej prezydencji w Radzie Unii Europejskiej w obszarze ochrony zdrowia&nbsp;&nbsp;Zwi\u0105zek Przedsi\u0119biorc\u00f3w i Pracodawc\u00f3w \u0179r\u00f3d\u0142o<\/p>\n","protected":false},"author":1,"featured_media":0,"comment_status":"closed","ping_status":"closed","sticky":false,"template":"","format":"standard","meta":{"footnotes":""},"categories":[1184,1139],"tags":[],"class_list":{"0":"post-13833","1":"post","2":"type-post","3":"status-publish","4":"format-standard","6":"category-healthcare-pl","7":"category-healthcare-fr"},"_links":{"self":[{"href":"https:\/\/eunewsroom.com\/pl\/wp-json\/wp\/v2\/posts\/13833","targetHints":{"allow":["GET"]}}],"collection":[{"href":"https:\/\/eunewsroom.com\/pl\/wp-json\/wp\/v2\/posts"}],"about":[{"href":"https:\/\/eunewsroom.com\/pl\/wp-json\/wp\/v2\/types\/post"}],"author":[{"embeddable":true,"href":"https:\/\/eunewsroom.com\/pl\/wp-json\/wp\/v2\/users\/1"}],"replies":[{"embeddable":true,"href":"https:\/\/eunewsroom.com\/pl\/wp-json\/wp\/v2\/comments?post=13833"}],"version-history":[{"count":0,"href":"https:\/\/eunewsroom.com\/pl\/wp-json\/wp\/v2\/posts\/13833\/revisions"}],"wp:attachment":[{"href":"https:\/\/eunewsroom.com\/pl\/wp-json\/wp\/v2\/media?parent=13833"}],"wp:term":[{"taxonomy":"category","embeddable":true,"href":"https:\/\/eunewsroom.com\/pl\/wp-json\/wp\/v2\/categories?post=13833"},{"taxonomy":"post_tag","embeddable":true,"href":"https:\/\/eunewsroom.com\/pl\/wp-json\/wp\/v2\/tags?post=13833"}],"curies":[{"name":"wp","href":"https:\/\/api.w.org\/{rel}","templated":true}]}}