{"id":13830,"date":"2024-09-30T10:30:13","date_gmt":"2024-09-30T10:30:13","guid":{"rendered":"https:\/\/eunewsroom.com\/intel-wystawil-na-sprzedaz-glowna-europejska-siedzibe-w-wielkiej-brytanii-firma-korzystala-z-nieruchomosci-od-1982-roku-purepc-pl\/"},"modified":"2024-09-30T10:30:13","modified_gmt":"2024-09-30T10:30:13","slug":"intel-wystawil-na-sprzedaz-glowna-europejska-siedzibe-w-wielkiej-brytanii-firma-korzystala-z-nieruchomosci-od-1982-roku-purepc-pl","status":"publish","type":"post","link":"https:\/\/eunewsroom.com\/pl\/intel-wystawil-na-sprzedaz-glowna-europejska-siedzibe-w-wielkiej-brytanii-firma-korzystala-z-nieruchomosci-od-1982-roku-purepc-pl\/","title":{"rendered":"Intel wystawi\u0142 na sprzeda\u017c g\u0142\u00f3wn\u0105 europejsk\u0105 siedzib\u0119 w Wielkiej Brytanii. Firma korzysta\u0142a z nieruchomo\u015bci od 1982 roku &#8211; PurePC.pl"},"content":{"rendered":"<p> <br \/>\n<br \/><a href=\"https:\/\/news.google.com\/rss\/articles\/CBMipgFBVV95cUxOcDZHZUlwa2tYeEVDRXp2ZlVXSU44dlRmRHFWTVc4cF9fU2s2empTcTdiYXQ0QWYyUFRYT19fa3REWUpBQ09ZclNFUjg2MjJ5dVdWS1Vib2ctdkpTTkJzMHBOWVBGRFYxZTBmRHdVYmduQ1VfaXRRanNiQlhtQU5mUU9nQjczY21rb20yUmU1VGF2X21aZkV0aFM1X3pUUi1WakI2b1ln?oc=5\" target=\"_blank\" rel=\"noopener\">Intel wystawi\u0142 na sprzeda\u017c g\u0142\u00f3wn\u0105 europejsk\u0105 siedzib\u0119 w Wielkiej Brytanii. Firma korzysta\u0142a z nieruchomo\u015bci od 1982 roku<\/a>&nbsp;&nbsp;<font color=\"#6f6f6f\">PurePC.pl<\/font><br \/>\n<br \/><br \/>\n<br \/><a href=\"https:\/\/news.google.com\/rss\/articles\/CBMipgFBVV95cUxOcDZHZUlwa2tYeEVDRXp2ZlVXSU44dlRmRHFWTVc4cF9fU2s2empTcTdiYXQ0QWYyUFRYT19fa3REWUpBQ09ZclNFUjg2MjJ5dVdWS1Vib2ctdkpTTkJzMHBOWVBGRFYxZTBmRHdVYmduQ1VfaXRRanNiQlhtQU5mUU9nQjczY21rb20yUmU1VGF2X21aZkV0aFM1X3pUUi1WakI2b1ln?oc=5\">\u0179r\u00f3d\u0142o<\/a><\/p>\n","protected":false},"excerpt":{"rendered":"<p>Intel wystawi\u0142 na sprzeda\u017c g\u0142\u00f3wn\u0105 europejsk\u0105 siedzib\u0119 w Wielkiej Brytanii. Firma korzysta\u0142a z nieruchomo\u015bci od 1982 roku&nbsp;&nbsp;PurePC.pl \u0179r\u00f3d\u0142o<\/p>\n","protected":false},"author":1,"featured_media":0,"comment_status":"closed","ping_status":"closed","sticky":false,"template":"","format":"standard","meta":{"footnotes":""},"categories":[1141,1186],"tags":[],"class_list":{"0":"post-13830","1":"post","2":"type-post","3":"status-publish","4":"format-standard","6":"category-real-estate-fr","7":"category-real-estate-pl"},"_links":{"self":[{"href":"https:\/\/eunewsroom.com\/pl\/wp-json\/wp\/v2\/posts\/13830","targetHints":{"allow":["GET"]}}],"collection":[{"href":"https:\/\/eunewsroom.com\/pl\/wp-json\/wp\/v2\/posts"}],"about":[{"href":"https:\/\/eunewsroom.com\/pl\/wp-json\/wp\/v2\/types\/post"}],"author":[{"embeddable":true,"href":"https:\/\/eunewsroom.com\/pl\/wp-json\/wp\/v2\/users\/1"}],"replies":[{"embeddable":true,"href":"https:\/\/eunewsroom.com\/pl\/wp-json\/wp\/v2\/comments?post=13830"}],"version-history":[{"count":0,"href":"https:\/\/eunewsroom.com\/pl\/wp-json\/wp\/v2\/posts\/13830\/revisions"}],"wp:attachment":[{"href":"https:\/\/eunewsroom.com\/pl\/wp-json\/wp\/v2\/media?parent=13830"}],"wp:term":[{"taxonomy":"category","embeddable":true,"href":"https:\/\/eunewsroom.com\/pl\/wp-json\/wp\/v2\/categories?post=13830"},{"taxonomy":"post_tag","embeddable":true,"href":"https:\/\/eunewsroom.com\/pl\/wp-json\/wp\/v2\/tags?post=13830"}],"curies":[{"name":"wp","href":"https:\/\/api.w.org\/{rel}","templated":true}]}}