{"id":13827,"date":"2024-09-30T10:00:16","date_gmt":"2024-09-30T10:00:16","guid":{"rendered":"https:\/\/eunewsroom.com\/porsche-taycan-cross-turismo-4s-zwykla-podroz-na-pradzie-przez-pol-europy-rzeczpospolita-moto\/"},"modified":"2024-09-30T10:00:16","modified_gmt":"2024-09-30T10:00:16","slug":"porsche-taycan-cross-turismo-4s-zwykla-podroz-na-pradzie-przez-pol-europy-rzeczpospolita-moto","status":"publish","type":"post","link":"https:\/\/eunewsroom.com\/pl\/porsche-taycan-cross-turismo-4s-zwykla-podroz-na-pradzie-przez-pol-europy-rzeczpospolita-moto\/","title":{"rendered":"Porsche Taycan Cross Turismo 4S: Zwyk\u0142a podr\u00f3\u017c na pr\u0105dzie przez p\u00f3\u0142 Europy &#8211; Rzeczpospolita &#8211; Moto"},"content":{"rendered":"<p> <br \/>\n<br \/><a href=\"https:\/\/news.google.com\/rss\/articles\/CBMiugFBVV95cUxPOXJEMzRUbmJVZUpQSldUcThHbl90VVUwbG9WOVFacHplYWVKWXc3eXRjOTk3U3pXRVJBdk9WWW9HZEN2RkNiT0dvVnlYdjdhSjI5R3k5aHBLWXhuTFVTdEhsUTVya2JaRE9HTzJUTnJwbmRHS0hZdU5iZmVHQXFHWXFqNFljNWhpOHEtcHdTRVdqTlZ1WG1fcy1mYlhBZmlENGRDR3ZIMjlUWnFucWE4cHVxWUNzU18zTmc?oc=5\" target=\"_blank\" rel=\"noopener\">Porsche Taycan Cross Turismo 4S: Zwyk\u0142a podr\u00f3\u017c na pr\u0105dzie przez p\u00f3\u0142 Europy<\/a>&nbsp;&nbsp;<font color=\"#6f6f6f\">Rzeczpospolita &#8211; Moto<\/font><br \/>\n<br \/><br \/>\n<br \/><a href=\"https:\/\/news.google.com\/rss\/articles\/CBMiugFBVV95cUxPOXJEMzRUbmJVZUpQSldUcThHbl90VVUwbG9WOVFacHplYWVKWXc3eXRjOTk3U3pXRVJBdk9WWW9HZEN2RkNiT0dvVnlYdjdhSjI5R3k5aHBLWXhuTFVTdEhsUTVya2JaRE9HTzJUTnJwbmRHS0hZdU5iZmVHQXFHWXFqNFljNWhpOHEtcHdTRVdqTlZ1WG1fcy1mYlhBZmlENGRDR3ZIMjlUWnFucWE4cHVxWUNzU18zTmc?oc=5\">\u0179r\u00f3d\u0142o<\/a><\/p>\n","protected":false},"excerpt":{"rendered":"<p>Porsche Taycan Cross Turismo 4S: Zwyk\u0142a podr\u00f3\u017c na pr\u0105dzie przez p\u00f3\u0142 Europy&nbsp;&nbsp;Rzeczpospolita &#8211; Moto \u0179r\u00f3d\u0142o<\/p>\n","protected":false},"author":1,"featured_media":0,"comment_status":"closed","ping_status":"closed","sticky":false,"template":"","format":"standard","meta":{"footnotes":""},"categories":[1197,1151],"tags":[],"class_list":{"0":"post-13827","1":"post","2":"type-post","3":"status-publish","4":"format-standard","6":"category-travel-pl","7":"category-travel-fr"},"_links":{"self":[{"href":"https:\/\/eunewsroom.com\/pl\/wp-json\/wp\/v2\/posts\/13827","targetHints":{"allow":["GET"]}}],"collection":[{"href":"https:\/\/eunewsroom.com\/pl\/wp-json\/wp\/v2\/posts"}],"about":[{"href":"https:\/\/eunewsroom.com\/pl\/wp-json\/wp\/v2\/types\/post"}],"author":[{"embeddable":true,"href":"https:\/\/eunewsroom.com\/pl\/wp-json\/wp\/v2\/users\/1"}],"replies":[{"embeddable":true,"href":"https:\/\/eunewsroom.com\/pl\/wp-json\/wp\/v2\/comments?post=13827"}],"version-history":[{"count":0,"href":"https:\/\/eunewsroom.com\/pl\/wp-json\/wp\/v2\/posts\/13827\/revisions"}],"wp:attachment":[{"href":"https:\/\/eunewsroom.com\/pl\/wp-json\/wp\/v2\/media?parent=13827"}],"wp:term":[{"taxonomy":"category","embeddable":true,"href":"https:\/\/eunewsroom.com\/pl\/wp-json\/wp\/v2\/categories?post=13827"},{"taxonomy":"post_tag","embeddable":true,"href":"https:\/\/eunewsroom.com\/pl\/wp-json\/wp\/v2\/tags?post=13827"}],"curies":[{"name":"wp","href":"https:\/\/api.w.org\/{rel}","templated":true}]}}