{"id":13638,"date":"2024-09-23T09:40:11","date_gmt":"2024-09-23T09:40:11","guid":{"rendered":"https:\/\/eunewsroom.com\/bezpieczenstwo-pracy-w-swiece-cyfrowym-kampania-europejskiej-agencji-bezpieczenstwa-i-zdrowia-w-pracy-gov-pl\/"},"modified":"2024-09-23T09:40:11","modified_gmt":"2024-09-23T09:40:11","slug":"bezpieczenstwo-pracy-w-swiece-cyfrowym-kampania-europejskiej-agencji-bezpieczenstwa-i-zdrowia-w-pracy-gov-pl","status":"publish","type":"post","link":"https:\/\/eunewsroom.com\/pl\/bezpieczenstwo-pracy-w-swiece-cyfrowym-kampania-europejskiej-agencji-bezpieczenstwa-i-zdrowia-w-pracy-gov-pl\/","title":{"rendered":"\u201cBezpiecze\u0144stwo pracy w \u015bwiece cyfrowym\u201d kampania Europejskiej Agencji Bezpiecze\u0144stwa i Zdrowia w Pracy &#8211; Gov.pl"},"content":{"rendered":"<p> <br \/>\n<br \/><a href=\"https:\/\/news.google.com\/rss\/articles\/CBMi0gFBVV95cUxPYXVYcUVEaWl3cHk3dm0tSno5Q0JHS01qUV9HOURUdk53ZVd3SnVuZVR0Y3pCRlZkb18ydVlqSU1XRzRKZTZyTy1QelBVN0EwcUpuVUhxV2E4cVdUVTdpV3NQc0FsNzdKTjhKcmRwaFN5VmpoTDlWckZrd1Q5TE5pY25JWDU1Ri1CZzZqMFp4LXJhbHFYOXk3TjVoOE5VN09zTk5CcjVOX1dPWHdnYlFEWElqbmxJdEJBTnAyQnBDcWNiVEItYWpmek9sa3Y3V2hVS0E?oc=5\" target=\"_blank\" rel=\"noopener\">\u201cBezpiecze\u0144stwo pracy w \u015bwiece cyfrowym\u201d kampania Europejskiej Agencji Bezpiecze\u0144stwa i Zdrowia w Pracy<\/a>&nbsp;&nbsp;<font color=\"#6f6f6f\">Gov.pl<\/font><br \/>\n<br \/><br \/>\n<br \/><a href=\"https:\/\/news.google.com\/rss\/articles\/CBMi0gFBVV95cUxPYXVYcUVEaWl3cHk3dm0tSno5Q0JHS01qUV9HOURUdk53ZVd3SnVuZVR0Y3pCRlZkb18ydVlqSU1XRzRKZTZyTy1QelBVN0EwcUpuVUhxV2E4cVdUVTdpV3NQc0FsNzdKTjhKcmRwaFN5VmpoTDlWckZrd1Q5TE5pY25JWDU1Ri1CZzZqMFp4LXJhbHFYOXk3TjVoOE5VN09zTk5CcjVOX1dPWHdnYlFEWElqbmxJdEJBTnAyQnBDcWNiVEItYWpmek9sa3Y3V2hVS0E?oc=5\">\u0179r\u00f3d\u0142o<\/a><\/p>\n","protected":false},"excerpt":{"rendered":"<p>\u201cBezpiecze\u0144stwo pracy w \u015bwiece cyfrowym\u201d kampania Europejskiej Agencji Bezpiecze\u0144stwa i Zdrowia w Pracy&nbsp;&nbsp;Gov.pl \u0179r\u00f3d\u0142o<\/p>\n","protected":false},"author":1,"featured_media":0,"comment_status":"closed","ping_status":"closed","sticky":false,"template":"","format":"standard","meta":{"footnotes":""},"categories":[1184,1139],"tags":[],"class_list":{"0":"post-13638","1":"post","2":"type-post","3":"status-publish","4":"format-standard","6":"category-healthcare-pl","7":"category-healthcare-fr"},"_links":{"self":[{"href":"https:\/\/eunewsroom.com\/pl\/wp-json\/wp\/v2\/posts\/13638","targetHints":{"allow":["GET"]}}],"collection":[{"href":"https:\/\/eunewsroom.com\/pl\/wp-json\/wp\/v2\/posts"}],"about":[{"href":"https:\/\/eunewsroom.com\/pl\/wp-json\/wp\/v2\/types\/post"}],"author":[{"embeddable":true,"href":"https:\/\/eunewsroom.com\/pl\/wp-json\/wp\/v2\/users\/1"}],"replies":[{"embeddable":true,"href":"https:\/\/eunewsroom.com\/pl\/wp-json\/wp\/v2\/comments?post=13638"}],"version-history":[{"count":0,"href":"https:\/\/eunewsroom.com\/pl\/wp-json\/wp\/v2\/posts\/13638\/revisions"}],"wp:attachment":[{"href":"https:\/\/eunewsroom.com\/pl\/wp-json\/wp\/v2\/media?parent=13638"}],"wp:term":[{"taxonomy":"category","embeddable":true,"href":"https:\/\/eunewsroom.com\/pl\/wp-json\/wp\/v2\/categories?post=13638"},{"taxonomy":"post_tag","embeddable":true,"href":"https:\/\/eunewsroom.com\/pl\/wp-json\/wp\/v2\/tags?post=13638"}],"curies":[{"name":"wp","href":"https:\/\/api.w.org\/{rel}","templated":true}]}}