{"id":13636,"date":"2024-09-23T09:20:14","date_gmt":"2024-09-23T09:20:14","guid":{"rendered":"https:\/\/eunewsroom.com\/gruzja-wprowadza-ustawe-anty-lgbtq-unia-europejska-reaguje-euractiv-poland\/"},"modified":"2024-09-23T09:20:14","modified_gmt":"2024-09-23T09:20:14","slug":"gruzja-wprowadza-ustawe-anty-lgbtq-unia-europejska-reaguje-euractiv-poland","status":"publish","type":"post","link":"https:\/\/eunewsroom.com\/pl\/gruzja-wprowadza-ustawe-anty-lgbtq-unia-europejska-reaguje-euractiv-poland\/","title":{"rendered":"Gruzja wprowadza ustaw\u0119 anty-LGBTQ. Unia Europejska reaguje &#8211; EURACTIV Poland"},"content":{"rendered":"<p> <br \/>\n<br \/><a href=\"https:\/\/news.google.com\/rss\/articles\/CBMiwAFBVV95cUxNMWEwUC1nZXRVRWFMZGFlanhCbjhMOE15WUFVQUs0aWV4T202WXZTQk51SVJGemtFd0tPeWViVnltRjFfeHJsZWJxNU5tS0xHOXZtV1plY3RjbGNwa3l0b2wxVFpVdUpiRkV5NzJ0dnI3d2xrbVg4UEZYbmkxVEcxU043OXdGV3NKSzFNTml4a0ViVmlmeERTNEhKSVlPdldBMGJUTV80UGpORTR6YmRYSzFybnlzdHFLOUN2ekthQkw?oc=5\" target=\"_blank\" rel=\"noopener\">Gruzja wprowadza ustaw\u0119 anty-LGBTQ. Unia Europejska reaguje<\/a>&nbsp;&nbsp;<font color=\"#6f6f6f\">EURACTIV Poland<\/font><br \/>\n<br \/><br \/>\n<br \/><a href=\"https:\/\/news.google.com\/rss\/articles\/CBMiwAFBVV95cUxNMWEwUC1nZXRVRWFMZGFlanhCbjhMOE15WUFVQUs0aWV4T202WXZTQk51SVJGemtFd0tPeWViVnltRjFfeHJsZWJxNU5tS0xHOXZtV1plY3RjbGNwa3l0b2wxVFpVdUpiRkV5NzJ0dnI3d2xrbVg4UEZYbmkxVEcxU043OXdGV3NKSzFNTml4a0ViVmlmeERTNEhKSVlPdldBMGJUTV80UGpORTR6YmRYSzFybnlzdHFLOUN2ekthQkw?oc=5\">\u0179r\u00f3d\u0142o<\/a><\/p>\n","protected":false},"excerpt":{"rendered":"<p>Gruzja wprowadza ustaw\u0119 anty-LGBTQ. Unia Europejska reaguje&nbsp;&nbsp;EURACTIV Poland \u0179r\u00f3d\u0142o<\/p>\n","protected":false},"author":1,"featured_media":0,"comment_status":"closed","ping_status":"closed","sticky":false,"template":"","format":"standard","meta":{"footnotes":""},"categories":[1145,1191],"tags":[],"class_list":{"0":"post-13636","1":"post","2":"type-post","3":"status-publish","4":"format-standard","6":"category-politics-fr","7":"category-politics-pl"},"_links":{"self":[{"href":"https:\/\/eunewsroom.com\/pl\/wp-json\/wp\/v2\/posts\/13636","targetHints":{"allow":["GET"]}}],"collection":[{"href":"https:\/\/eunewsroom.com\/pl\/wp-json\/wp\/v2\/posts"}],"about":[{"href":"https:\/\/eunewsroom.com\/pl\/wp-json\/wp\/v2\/types\/post"}],"author":[{"embeddable":true,"href":"https:\/\/eunewsroom.com\/pl\/wp-json\/wp\/v2\/users\/1"}],"replies":[{"embeddable":true,"href":"https:\/\/eunewsroom.com\/pl\/wp-json\/wp\/v2\/comments?post=13636"}],"version-history":[{"count":0,"href":"https:\/\/eunewsroom.com\/pl\/wp-json\/wp\/v2\/posts\/13636\/revisions"}],"wp:attachment":[{"href":"https:\/\/eunewsroom.com\/pl\/wp-json\/wp\/v2\/media?parent=13636"}],"wp:term":[{"taxonomy":"category","embeddable":true,"href":"https:\/\/eunewsroom.com\/pl\/wp-json\/wp\/v2\/categories?post=13636"},{"taxonomy":"post_tag","embeddable":true,"href":"https:\/\/eunewsroom.com\/pl\/wp-json\/wp\/v2\/tags?post=13636"}],"curies":[{"name":"wp","href":"https:\/\/api.w.org\/{rel}","templated":true}]}}