{"id":13388,"date":"2024-09-16T08:50:11","date_gmt":"2024-09-16T08:50:11","guid":{"rendered":"https:\/\/eunewsroom.com\/gospodarka-niemiec-chory-czlowiek-europy-czyli-niemiecka-zapasc-ile-jeszcze-wytrzymaja-niemcy-wyborcza-biz\/"},"modified":"2024-09-16T08:50:11","modified_gmt":"2024-09-16T08:50:11","slug":"gospodarka-niemiec-chory-czlowiek-europy-czyli-niemiecka-zapasc-ile-jeszcze-wytrzymaja-niemcy-wyborcza-biz","status":"publish","type":"post","link":"https:\/\/eunewsroom.com\/pl\/gospodarka-niemiec-chory-czlowiek-europy-czyli-niemiecka-zapasc-ile-jeszcze-wytrzymaja-niemcy-wyborcza-biz\/","title":{"rendered":"Gospodarka Niemiec. Chory cz\u0142owiek Europy, czyli niemiecka zapa\u015b\u0107. Ile jeszcze wytrzymaj\u0105 Niemcy? &#8211; Wyborcza.biz"},"content":{"rendered":"<p> <br \/>\n<br \/><a href=\"https:\/\/news.google.com\/rss\/articles\/CBMiugFBVV95cUxQemU5VDdnZzRxWVprLTVFS1hhZzdlb2ZMcVVZYUR4eWc1dzJyaUNXaDQ4Qk1mNTktd0ltSWh3REZZZDZSdzhVUEVSZVBIa1E0NjB3LXJVMUpkRktlOU1xN2J3NzRxRTRvbkhJaDRrbkNDMHVKUjducUMxWC00WW0zQ21CUHpKT3RDb05reUFERHdzSjNFa1NqbWlnRGZZYlZCOS1rUXVwZzhkY05qX3JuZy1IYVFxcWdXY2c?oc=5\" target=\"_blank\" rel=\"noopener\">Gospodarka Niemiec. Chory cz\u0142owiek Europy, czyli niemiecka zapa\u015b\u0107. Ile jeszcze wytrzymaj\u0105 Niemcy?<\/a>&nbsp;&nbsp;<font color=\"#6f6f6f\">Wyborcza.biz<\/font><br \/>\n<br \/><br \/>\n<br \/><a href=\"https:\/\/news.google.com\/rss\/articles\/CBMiugFBVV95cUxQemU5VDdnZzRxWVprLTVFS1hhZzdlb2ZMcVVZYUR4eWc1dzJyaUNXaDQ4Qk1mNTktd0ltSWh3REZZZDZSdzhVUEVSZVBIa1E0NjB3LXJVMUpkRktlOU1xN2J3NzRxRTRvbkhJaDRrbkNDMHVKUjducUMxWC00WW0zQ21CUHpKT3RDb05reUFERHdzSjNFa1NqbWlnRGZZYlZCOS1rUXVwZzhkY05qX3JuZy1IYVFxcWdXY2c?oc=5\">\u0179r\u00f3d\u0142o<\/a><\/p>\n","protected":false},"excerpt":{"rendered":"<p>Gospodarka Niemiec. Chory cz\u0142owiek Europy, czyli niemiecka zapa\u015b\u0107. Ile jeszcze wytrzymaj\u0105 Niemcy?&nbsp;&nbsp;Wyborcza.biz \u0179r\u00f3d\u0142o<\/p>\n","protected":false},"author":1,"featured_media":0,"comment_status":"closed","ping_status":"closed","sticky":false,"template":"","format":"standard","meta":{"footnotes":""},"categories":[1193,1147],"tags":[],"class_list":{"0":"post-13388","1":"post","2":"type-post","3":"status-publish","4":"format-standard","6":"category-business-pl","7":"category-business-fr"},"_links":{"self":[{"href":"https:\/\/eunewsroom.com\/pl\/wp-json\/wp\/v2\/posts\/13388","targetHints":{"allow":["GET"]}}],"collection":[{"href":"https:\/\/eunewsroom.com\/pl\/wp-json\/wp\/v2\/posts"}],"about":[{"href":"https:\/\/eunewsroom.com\/pl\/wp-json\/wp\/v2\/types\/post"}],"author":[{"embeddable":true,"href":"https:\/\/eunewsroom.com\/pl\/wp-json\/wp\/v2\/users\/1"}],"replies":[{"embeddable":true,"href":"https:\/\/eunewsroom.com\/pl\/wp-json\/wp\/v2\/comments?post=13388"}],"version-history":[{"count":0,"href":"https:\/\/eunewsroom.com\/pl\/wp-json\/wp\/v2\/posts\/13388\/revisions"}],"wp:attachment":[{"href":"https:\/\/eunewsroom.com\/pl\/wp-json\/wp\/v2\/media?parent=13388"}],"wp:term":[{"taxonomy":"category","embeddable":true,"href":"https:\/\/eunewsroom.com\/pl\/wp-json\/wp\/v2\/categories?post=13388"},{"taxonomy":"post_tag","embeddable":true,"href":"https:\/\/eunewsroom.com\/pl\/wp-json\/wp\/v2\/tags?post=13388"}],"curies":[{"name":"wp","href":"https:\/\/api.w.org\/{rel}","templated":true}]}}