{"id":13379,"date":"2024-09-16T07:20:10","date_gmt":"2024-09-16T07:20:10","guid":{"rendered":"https:\/\/eunewsroom.com\/iv-edycja-projektu-edukacyjnego-europa-i-ja-ruszamy-w-europejska-podroz-to-nasz-region\/"},"modified":"2024-09-16T07:20:10","modified_gmt":"2024-09-16T07:20:10","slug":"iv-edycja-projektu-edukacyjnego-europa-i-ja-ruszamy-w-europejska-podroz-to-nasz-region","status":"publish","type":"post","link":"https:\/\/eunewsroom.com\/pl\/iv-edycja-projektu-edukacyjnego-europa-i-ja-ruszamy-w-europejska-podroz-to-nasz-region\/","title":{"rendered":"IV edycja projektu edukacyjnego \u201eEuropa i Ja\u201d \u2013 ruszamy w europejsk\u0105 podr\u00f3\u017c! &#8211; To Nasz Region"},"content":{"rendered":"<p> <br \/>\n<br \/><a href=\"https:\/\/news.google.com\/rss\/articles\/CBMinAFBVV95cUxOWDRCNk5lb2pDbWNkVVRvOWMzbk9SR1lhS2FxalJ4dkY4Q3JQWGlMSWItdVNLRnE0MjVqNHg5eFAxR3lEcXVvSDFieVpVdDdSV1FKMldZWk9JdDZudFNiN01aZDNPazdsSDdJUUZIX2s3OF9QeWlfMFFsUjZrNmRxcDN3bVphZk8zTVhpTEhFQkxjX05YYlNtMHc5UFY?oc=5\" target=\"_blank\" rel=\"noopener\">IV edycja projektu edukacyjnego \u201eEuropa i Ja\u201d \u2013 ruszamy w europejsk\u0105 podr\u00f3\u017c!<\/a>&nbsp;&nbsp;<font color=\"#6f6f6f\">To Nasz Region<\/font><br \/>\n<br \/><br \/>\n<br \/><a href=\"https:\/\/news.google.com\/rss\/articles\/CBMinAFBVV95cUxOWDRCNk5lb2pDbWNkVVRvOWMzbk9SR1lhS2FxalJ4dkY4Q3JQWGlMSWItdVNLRnE0MjVqNHg5eFAxR3lEcXVvSDFieVpVdDdSV1FKMldZWk9JdDZudFNiN01aZDNPazdsSDdJUUZIX2s3OF9QeWlfMFFsUjZrNmRxcDN3bVphZk8zTVhpTEhFQkxjX05YYlNtMHc5UFY?oc=5\">\u0179r\u00f3d\u0142o<\/a><\/p>\n","protected":false},"excerpt":{"rendered":"<p>IV edycja projektu edukacyjnego \u201eEuropa i Ja\u201d \u2013 ruszamy w europejsk\u0105 podr\u00f3\u017c!&nbsp;&nbsp;To Nasz Region \u0179r\u00f3d\u0142o<\/p>\n","protected":false},"author":1,"featured_media":0,"comment_status":"closed","ping_status":"closed","sticky":false,"template":"","format":"standard","meta":{"footnotes":""},"categories":[1197,1151],"tags":[],"class_list":{"0":"post-13379","1":"post","2":"type-post","3":"status-publish","4":"format-standard","6":"category-travel-pl","7":"category-travel-fr"},"_links":{"self":[{"href":"https:\/\/eunewsroom.com\/pl\/wp-json\/wp\/v2\/posts\/13379","targetHints":{"allow":["GET"]}}],"collection":[{"href":"https:\/\/eunewsroom.com\/pl\/wp-json\/wp\/v2\/posts"}],"about":[{"href":"https:\/\/eunewsroom.com\/pl\/wp-json\/wp\/v2\/types\/post"}],"author":[{"embeddable":true,"href":"https:\/\/eunewsroom.com\/pl\/wp-json\/wp\/v2\/users\/1"}],"replies":[{"embeddable":true,"href":"https:\/\/eunewsroom.com\/pl\/wp-json\/wp\/v2\/comments?post=13379"}],"version-history":[{"count":0,"href":"https:\/\/eunewsroom.com\/pl\/wp-json\/wp\/v2\/posts\/13379\/revisions"}],"wp:attachment":[{"href":"https:\/\/eunewsroom.com\/pl\/wp-json\/wp\/v2\/media?parent=13379"}],"wp:term":[{"taxonomy":"category","embeddable":true,"href":"https:\/\/eunewsroom.com\/pl\/wp-json\/wp\/v2\/categories?post=13379"},{"taxonomy":"post_tag","embeddable":true,"href":"https:\/\/eunewsroom.com\/pl\/wp-json\/wp\/v2\/tags?post=13379"}],"curies":[{"name":"wp","href":"https:\/\/api.w.org\/{rel}","templated":true}]}}