{"id":13068,"date":"2024-09-09T08:50:11","date_gmt":"2024-09-09T08:50:11","guid":{"rendered":"https:\/\/eunewsroom.com\/europejski-rynek-samochodow-w-stagnacji-niemcy-juz-nie-chca-pojazdow-elektrycznych-kurier-ostrowski\/"},"modified":"2024-09-09T08:50:11","modified_gmt":"2024-09-09T08:50:11","slug":"europejski-rynek-samochodow-w-stagnacji-niemcy-juz-nie-chca-pojazdow-elektrycznych-kurier-ostrowski","status":"publish","type":"post","link":"https:\/\/eunewsroom.com\/pl\/europejski-rynek-samochodow-w-stagnacji-niemcy-juz-nie-chca-pojazdow-elektrycznych-kurier-ostrowski\/","title":{"rendered":"Europejski rynek samochod\u00f3w w stagnacji. Niemcy ju\u017c nie chc\u0105 pojazd\u00f3w elektrycznych &#8211; Kurier Ostrowski"},"content":{"rendered":"<p> <br \/>\n<br \/><a href=\"https:\/\/news.google.com\/rss\/articles\/CBMivgFBVV95cUxPSUdqZTJzb1BkREZjQVQ4Nlo3Z0VPUHFTM2tBQVdwOC1EMms0OXctTXctRmNLemt5U3d0c3dXT0dmdTBpaWl1bHZMWEZ4eFhucms0UDl4bmNJSGp3Y3NZX1Z3SWdwcDlTYXBoRjhTeWxfcmFSOU1zSjJyeHhGV2dEeEY4QWxtQldRQVdoSDh2Q0NSWVhsc1FRbHlEY0k1SXRBVmVwQ2J5ZHItdXRzUG9XemZxS1JaUHY4X0E2SkN30gHDAUFVX3lxTE1DM3doRnRVbW1jbVZaWG9NRlRsREJDa3FZOVpuX1dtY29MbFZmNk1tSGo2ZG5zZHViOEhUZjl5VnV2cEd4SDVOUmpmQlh2eUdsaXpadXdfZWRvMXZ4VmRMY2xEMU9ZZGcwcTh5YU9RbjYwOS1PSjRXdkhzVnY2RF93WmdBSGxmMFptSHM5eGJfUkVCNElhT2JKVWQ3WkVjNFExZDl0c3lJS2ZYNzdkd1Rsc01wZkJCNXVud05DUGoxUXhMNA?oc=5\" target=\"_blank\" rel=\"noopener\">Europejski rynek samochod\u00f3w w stagnacji. Niemcy ju\u017c nie chc\u0105 pojazd\u00f3w elektrycznych<\/a>&nbsp;&nbsp;<font color=\"#6f6f6f\">Kurier Ostrowski<\/font><br \/>\n<br \/><br \/>\n<br \/><a href=\"https:\/\/news.google.com\/rss\/articles\/CBMivgFBVV95cUxPSUdqZTJzb1BkREZjQVQ4Nlo3Z0VPUHFTM2tBQVdwOC1EMms0OXctTXctRmNLemt5U3d0c3dXT0dmdTBpaWl1bHZMWEZ4eFhucms0UDl4bmNJSGp3Y3NZX1Z3SWdwcDlTYXBoRjhTeWxfcmFSOU1zSjJyeHhGV2dEeEY4QWxtQldRQVdoSDh2Q0NSWVhsc1FRbHlEY0k1SXRBVmVwQ2J5ZHItdXRzUG9XemZxS1JaUHY4X0E2SkN30gHDAUFVX3lxTE1DM3doRnRVbW1jbVZaWG9NRlRsREJDa3FZOVpuX1dtY29MbFZmNk1tSGo2ZG5zZHViOEhUZjl5VnV2cEd4SDVOUmpmQlh2eUdsaXpadXdfZWRvMXZ4VmRMY2xEMU9ZZGcwcTh5YU9RbjYwOS1PSjRXdkhzVnY2RF93WmdBSGxmMFptSHM5eGJfUkVCNElhT2JKVWQ3WkVjNFExZDl0c3lJS2ZYNzdkd1Rsc01wZkJCNXVud05DUGoxUXhMNA?oc=5\">\u0179r\u00f3d\u0142o<\/a><\/p>\n","protected":false},"excerpt":{"rendered":"<p>Europejski rynek samochod\u00f3w w stagnacji. Niemcy ju\u017c nie chc\u0105 pojazd\u00f3w elektrycznych&nbsp;&nbsp;Kurier Ostrowski \u0179r\u00f3d\u0142o<\/p>\n","protected":false},"author":1,"featured_media":0,"comment_status":"closed","ping_status":"closed","sticky":false,"template":"","format":"standard","meta":{"footnotes":""},"categories":[1140,1185],"tags":[],"class_list":{"0":"post-13068","1":"post","2":"type-post","3":"status-publish","4":"format-standard","6":"category-automotive-fr","7":"category-automotive-pl"},"_links":{"self":[{"href":"https:\/\/eunewsroom.com\/pl\/wp-json\/wp\/v2\/posts\/13068","targetHints":{"allow":["GET"]}}],"collection":[{"href":"https:\/\/eunewsroom.com\/pl\/wp-json\/wp\/v2\/posts"}],"about":[{"href":"https:\/\/eunewsroom.com\/pl\/wp-json\/wp\/v2\/types\/post"}],"author":[{"embeddable":true,"href":"https:\/\/eunewsroom.com\/pl\/wp-json\/wp\/v2\/users\/1"}],"replies":[{"embeddable":true,"href":"https:\/\/eunewsroom.com\/pl\/wp-json\/wp\/v2\/comments?post=13068"}],"version-history":[{"count":0,"href":"https:\/\/eunewsroom.com\/pl\/wp-json\/wp\/v2\/posts\/13068\/revisions"}],"wp:attachment":[{"href":"https:\/\/eunewsroom.com\/pl\/wp-json\/wp\/v2\/media?parent=13068"}],"wp:term":[{"taxonomy":"category","embeddable":true,"href":"https:\/\/eunewsroom.com\/pl\/wp-json\/wp\/v2\/categories?post=13068"},{"taxonomy":"post_tag","embeddable":true,"href":"https:\/\/eunewsroom.com\/pl\/wp-json\/wp\/v2\/tags?post=13068"}],"curies":[{"name":"wp","href":"https:\/\/api.w.org\/{rel}","templated":true}]}}