{"id":13067,"date":"2024-09-09T08:30:17","date_gmt":"2024-09-09T08:30:17","guid":{"rendered":"https:\/\/eunewsroom.com\/wroclaw-staje-sie-europejska-stolica-roznorodnosci-kultury-i-startupow-pap-mediaroom\/"},"modified":"2024-09-09T08:30:17","modified_gmt":"2024-09-09T08:30:17","slug":"wroclaw-staje-sie-europejska-stolica-roznorodnosci-kultury-i-startupow-pap-mediaroom","status":"publish","type":"post","link":"https:\/\/eunewsroom.com\/pl\/wroclaw-staje-sie-europejska-stolica-roznorodnosci-kultury-i-startupow-pap-mediaroom\/","title":{"rendered":"Wroc\u0142aw staje si\u0119 europejsk\u0105 stolic\u0105 r\u00f3\u017cnorodno\u015bci, kultury i\u2026 startup\u00f3w &#8211; PAP MediaRoom"},"content":{"rendered":"<p> <br \/>\n<br \/><a href=\"https:\/\/news.google.com\/rss\/articles\/CBMisgFBVV95cUxOQ2s2eUhhbDZlQjAyMkpCQUtZZkxybThWWFFhTUU5alRzc2VaV2VPMjFlS3Q5TWVBOEQ2U1NrRUx5amZDUjdJblpZVlROOTAwX2xzZ1FOYkVNTHdhSGx4VmpIeVVGZUVwaHdka3VSazQ1UUk1aks5V2NNQkliNWRXTmlaM1pwRXNXV1c0ampGaVZidV93QTEzd29TaFR6VXlnZzQybnJPRHNnMFlYUFNkcUJn?oc=5\" target=\"_blank\" rel=\"noopener\">Wroc\u0142aw staje si\u0119 europejsk\u0105 stolic\u0105 r\u00f3\u017cnorodno\u015bci, kultury i\u2026 startup\u00f3w<\/a>&nbsp;&nbsp;<font color=\"#6f6f6f\">PAP MediaRoom<\/font><br \/>\n<br \/><br \/>\n<br \/><a href=\"https:\/\/news.google.com\/rss\/articles\/CBMisgFBVV95cUxOQ2s2eUhhbDZlQjAyMkpCQUtZZkxybThWWFFhTUU5alRzc2VaV2VPMjFlS3Q5TWVBOEQ2U1NrRUx5amZDUjdJblpZVlROOTAwX2xzZ1FOYkVNTHdhSGx4VmpIeVVGZUVwaHdka3VSazQ1UUk1aks5V2NNQkliNWRXTmlaM1pwRXNXV1c0ampGaVZidV93QTEzd29TaFR6VXlnZzQybnJPRHNnMFlYUFNkcUJn?oc=5\">\u0179r\u00f3d\u0142o<\/a><\/p>\n","protected":false},"excerpt":{"rendered":"<p>Wroc\u0142aw staje si\u0119 europejsk\u0105 stolic\u0105 r\u00f3\u017cnorodno\u015bci, kultury i\u2026 startup\u00f3w&nbsp;&nbsp;PAP MediaRoom \u0179r\u00f3d\u0142o<\/p>\n","protected":false},"author":1,"featured_media":0,"comment_status":"closed","ping_status":"closed","sticky":false,"template":"","format":"standard","meta":{"footnotes":""},"categories":[1193,1147],"tags":[],"class_list":{"0":"post-13067","1":"post","2":"type-post","3":"status-publish","4":"format-standard","6":"category-business-pl","7":"category-business-fr"},"_links":{"self":[{"href":"https:\/\/eunewsroom.com\/pl\/wp-json\/wp\/v2\/posts\/13067","targetHints":{"allow":["GET"]}}],"collection":[{"href":"https:\/\/eunewsroom.com\/pl\/wp-json\/wp\/v2\/posts"}],"about":[{"href":"https:\/\/eunewsroom.com\/pl\/wp-json\/wp\/v2\/types\/post"}],"author":[{"embeddable":true,"href":"https:\/\/eunewsroom.com\/pl\/wp-json\/wp\/v2\/users\/1"}],"replies":[{"embeddable":true,"href":"https:\/\/eunewsroom.com\/pl\/wp-json\/wp\/v2\/comments?post=13067"}],"version-history":[{"count":0,"href":"https:\/\/eunewsroom.com\/pl\/wp-json\/wp\/v2\/posts\/13067\/revisions"}],"wp:attachment":[{"href":"https:\/\/eunewsroom.com\/pl\/wp-json\/wp\/v2\/media?parent=13067"}],"wp:term":[{"taxonomy":"category","embeddable":true,"href":"https:\/\/eunewsroom.com\/pl\/wp-json\/wp\/v2\/categories?post=13067"},{"taxonomy":"post_tag","embeddable":true,"href":"https:\/\/eunewsroom.com\/pl\/wp-json\/wp\/v2\/tags?post=13067"}],"curies":[{"name":"wp","href":"https:\/\/api.w.org\/{rel}","templated":true}]}}