{"id":13062,"date":"2024-09-09T07:40:08","date_gmt":"2024-09-09T07:40:08","guid":{"rendered":"https:\/\/eunewsroom.com\/wiezienia-towarem-eksportowym-unii-europejskiej-zaskakujace-informacje-salon24-pl\/"},"modified":"2024-09-09T07:40:08","modified_gmt":"2024-09-09T07:40:08","slug":"wiezienia-towarem-eksportowym-unii-europejskiej-zaskakujace-informacje-salon24-pl","status":"publish","type":"post","link":"https:\/\/eunewsroom.com\/pl\/wiezienia-towarem-eksportowym-unii-europejskiej-zaskakujace-informacje-salon24-pl\/","title":{"rendered":"Wi\u0119zienia \u201etowarem eksportowym\u201d Unii Europejskiej? Zaskakuj\u0105ce informacje &#8211; salon24.pl"},"content":{"rendered":"<p> <br \/>\n<br \/><a href=\"https:\/\/news.google.com\/rss\/articles\/CBMirwFBVV95cUxOUnMtSl9Banoyb0YwOVR0RWwxRmF4Sk5IR0lNWjhSU2V1MndNRDNYY3JOdjZCQjUyQVNmOVJWbkF2ZC1wZmhJcEMxOHIzRWVEV2ZRVnpPN2hkb3lHY1k2U2NVRUtQc05fbTZBX0duSEhscHlLb0pPS3ppcnVYb3UxLTJ5bGx3Tjc2S183QTJZS1c2X0JEV1FJN3g1WXV5Zk9TUGlhMHBCUGhUd3F2dnR3?oc=5\" target=\"_blank\" rel=\"noopener\">Wi\u0119zienia \u201etowarem eksportowym\u201d Unii Europejskiej? Zaskakuj\u0105ce informacje<\/a>&nbsp;&nbsp;<font color=\"#6f6f6f\">salon24.pl<\/font><br \/>\n<br \/><br \/>\n<br \/><a href=\"https:\/\/news.google.com\/rss\/articles\/CBMirwFBVV95cUxOUnMtSl9Banoyb0YwOVR0RWwxRmF4Sk5IR0lNWjhSU2V1MndNRDNYY3JOdjZCQjUyQVNmOVJWbkF2ZC1wZmhJcEMxOHIzRWVEV2ZRVnpPN2hkb3lHY1k2U2NVRUtQc05fbTZBX0duSEhscHlLb0pPS3ppcnVYb3UxLTJ5bGx3Tjc2S183QTJZS1c2X0JEV1FJN3g1WXV5Zk9TUGlhMHBCUGhUd3F2dnR3?oc=5\">\u0179r\u00f3d\u0142o<\/a><\/p>\n","protected":false},"excerpt":{"rendered":"<p>Wi\u0119zienia \u201etowarem eksportowym\u201d Unii Europejskiej? Zaskakuj\u0105ce informacje&nbsp;&nbsp;salon24.pl \u0179r\u00f3d\u0142o<\/p>\n","protected":false},"author":1,"featured_media":0,"comment_status":"closed","ping_status":"closed","sticky":false,"template":"","format":"standard","meta":{"footnotes":""},"categories":[1145,1191],"tags":[],"class_list":{"0":"post-13062","1":"post","2":"type-post","3":"status-publish","4":"format-standard","6":"category-politics-fr","7":"category-politics-pl"},"_links":{"self":[{"href":"https:\/\/eunewsroom.com\/pl\/wp-json\/wp\/v2\/posts\/13062","targetHints":{"allow":["GET"]}}],"collection":[{"href":"https:\/\/eunewsroom.com\/pl\/wp-json\/wp\/v2\/posts"}],"about":[{"href":"https:\/\/eunewsroom.com\/pl\/wp-json\/wp\/v2\/types\/post"}],"author":[{"embeddable":true,"href":"https:\/\/eunewsroom.com\/pl\/wp-json\/wp\/v2\/users\/1"}],"replies":[{"embeddable":true,"href":"https:\/\/eunewsroom.com\/pl\/wp-json\/wp\/v2\/comments?post=13062"}],"version-history":[{"count":0,"href":"https:\/\/eunewsroom.com\/pl\/wp-json\/wp\/v2\/posts\/13062\/revisions"}],"wp:attachment":[{"href":"https:\/\/eunewsroom.com\/pl\/wp-json\/wp\/v2\/media?parent=13062"}],"wp:term":[{"taxonomy":"category","embeddable":true,"href":"https:\/\/eunewsroom.com\/pl\/wp-json\/wp\/v2\/categories?post=13062"},{"taxonomy":"post_tag","embeddable":true,"href":"https:\/\/eunewsroom.com\/pl\/wp-json\/wp\/v2\/tags?post=13062"}],"curies":[{"name":"wp","href":"https:\/\/api.w.org\/{rel}","templated":true}]}}