{"id":12811,"date":"2024-09-02T07:30:14","date_gmt":"2024-09-02T07:30:14","guid":{"rendered":"https:\/\/eunewsroom.com\/chinscy-producenci-pojazdow-elektrycznych-traca-europejski-rynek-cla-ograniczaja-sprzedaz-forsal-pl\/"},"modified":"2024-09-02T07:30:14","modified_gmt":"2024-09-02T07:30:14","slug":"chinscy-producenci-pojazdow-elektrycznych-traca-europejski-rynek-cla-ograniczaja-sprzedaz-forsal-pl","status":"publish","type":"post","link":"https:\/\/eunewsroom.com\/pl\/chinscy-producenci-pojazdow-elektrycznych-traca-europejski-rynek-cla-ograniczaja-sprzedaz-forsal-pl\/","title":{"rendered":"Chi\u0144scy producenci pojazd\u00f3w elektrycznych trac\u0105 europejski rynek. C\u0142a ograniczaj\u0105 sprzeda\u017c &#8211; Forsal.pl"},"content":{"rendered":"<p> <br \/>\n<br \/><a href=\"https:\/\/news.google.com\/rss\/articles\/CBMixgFBVV95cUxOWnhxUE9QellRdzE1QzZzbnY2NkJJRE9ESWs1Ym95MlNTSHd0T2FidHFuY20wck1Ldk5uejl1bnhuRktuaDBqRjFCM2dscE1fekppdlNCWXJFdUcyUEpYTEF5WHpLQmlGamkzNF9TaE4wLTZ0WkE0RWtraml2WHljZVBTSEZWcWRyeDVia0poUG9SQXNSUHVrYkx3R1BHWDFtSUJhZ21WSy11Uno5S0hYNDZxTDVXS0hZTmJ2SWFITlExMVFXcVE?oc=5\" target=\"_blank\" rel=\"noopener\">Chi\u0144scy producenci pojazd\u00f3w elektrycznych trac\u0105 europejski rynek. C\u0142a ograniczaj\u0105 sprzeda\u017c<\/a>&nbsp;&nbsp;<font color=\"#6f6f6f\">Forsal.pl<\/font><br \/>\n<br \/><br \/>\n<br \/><a href=\"https:\/\/news.google.com\/rss\/articles\/CBMixgFBVV95cUxOWnhxUE9QellRdzE1QzZzbnY2NkJJRE9ESWs1Ym95MlNTSHd0T2FidHFuY20wck1Ldk5uejl1bnhuRktuaDBqRjFCM2dscE1fekppdlNCWXJFdUcyUEpYTEF5WHpLQmlGamkzNF9TaE4wLTZ0WkE0RWtraml2WHljZVBTSEZWcWRyeDVia0poUG9SQXNSUHVrYkx3R1BHWDFtSUJhZ21WSy11Uno5S0hYNDZxTDVXS0hZTmJ2SWFITlExMVFXcVE?oc=5\">\u0179r\u00f3d\u0142o<\/a><\/p>\n","protected":false},"excerpt":{"rendered":"<p>Chi\u0144scy producenci pojazd\u00f3w elektrycznych trac\u0105 europejski rynek. C\u0142a ograniczaj\u0105 sprzeda\u017c&nbsp;&nbsp;Forsal.pl \u0179r\u00f3d\u0142o<\/p>\n","protected":false},"author":1,"featured_media":0,"comment_status":"closed","ping_status":"closed","sticky":false,"template":"","format":"standard","meta":{"footnotes":""},"categories":[1140,1185],"tags":[],"class_list":{"0":"post-12811","1":"post","2":"type-post","3":"status-publish","4":"format-standard","6":"category-automotive-fr","7":"category-automotive-pl"},"_links":{"self":[{"href":"https:\/\/eunewsroom.com\/pl\/wp-json\/wp\/v2\/posts\/12811","targetHints":{"allow":["GET"]}}],"collection":[{"href":"https:\/\/eunewsroom.com\/pl\/wp-json\/wp\/v2\/posts"}],"about":[{"href":"https:\/\/eunewsroom.com\/pl\/wp-json\/wp\/v2\/types\/post"}],"author":[{"embeddable":true,"href":"https:\/\/eunewsroom.com\/pl\/wp-json\/wp\/v2\/users\/1"}],"replies":[{"embeddable":true,"href":"https:\/\/eunewsroom.com\/pl\/wp-json\/wp\/v2\/comments?post=12811"}],"version-history":[{"count":0,"href":"https:\/\/eunewsroom.com\/pl\/wp-json\/wp\/v2\/posts\/12811\/revisions"}],"wp:attachment":[{"href":"https:\/\/eunewsroom.com\/pl\/wp-json\/wp\/v2\/media?parent=12811"}],"wp:term":[{"taxonomy":"category","embeddable":true,"href":"https:\/\/eunewsroom.com\/pl\/wp-json\/wp\/v2\/categories?post=12811"},{"taxonomy":"post_tag","embeddable":true,"href":"https:\/\/eunewsroom.com\/pl\/wp-json\/wp\/v2\/tags?post=12811"}],"curies":[{"name":"wp","href":"https:\/\/api.w.org\/{rel}","templated":true}]}}