{"id":12801,"date":"2024-09-02T05:40:09","date_gmt":"2024-09-02T05:40:09","guid":{"rendered":"https:\/\/eunewsroom.com\/krotkie-podroze-wielkie-przygody-top-5-europejskich-stolic-na-weekend-radio-eska\/"},"modified":"2024-09-02T05:40:09","modified_gmt":"2024-09-02T05:40:09","slug":"krotkie-podroze-wielkie-przygody-top-5-europejskich-stolic-na-weekend-radio-eska","status":"publish","type":"post","link":"https:\/\/eunewsroom.com\/pl\/krotkie-podroze-wielkie-przygody-top-5-europejskich-stolic-na-weekend-radio-eska\/","title":{"rendered":"Kr\u00f3tkie podr\u00f3\u017ce \u2013 wielkie przygody: Top 5 europejskich stolic na weekend &#8211; Radio Eska"},"content":{"rendered":"<p> <br \/>\n<br \/><a href=\"https:\/\/news.google.com\/rss\/articles\/CBMiyAFBVV95cUxOZGUtZlV4VnFXSDIxeUhLekdFU2JhUXkxOVR5NDBhaENoN2ZVVS1OdFhkb3ZBeUphbE1TOGIzd2lZS2RpRUFnWVBwWG1xTHh1TkpVbFc5cVI2azkyMm1fNnFIMUgxakVOM2RnQUZaOFFEOG43MGpxdE1ia2xtVjNtZVJpOVpUeWxaQkwzWVpMeFprQ3hLNVVNdktsQ0tBLXNZN3ItQTVMY1hOcEVKLWFDRFJnbVBnckNnZU5nMi1yRXdQZUFuVS1qdQ?oc=5\" target=\"_blank\" rel=\"noopener\">Kr\u00f3tkie podr\u00f3\u017ce \u2013 wielkie przygody: Top 5 europejskich stolic na weekend<\/a>&nbsp;&nbsp;<font color=\"#6f6f6f\">Radio Eska<\/font><br \/>\n<br \/><br \/>\n<br \/><a href=\"https:\/\/news.google.com\/rss\/articles\/CBMiyAFBVV95cUxOZGUtZlV4VnFXSDIxeUhLekdFU2JhUXkxOVR5NDBhaENoN2ZVVS1OdFhkb3ZBeUphbE1TOGIzd2lZS2RpRUFnWVBwWG1xTHh1TkpVbFc5cVI2azkyMm1fNnFIMUgxakVOM2RnQUZaOFFEOG43MGpxdE1ia2xtVjNtZVJpOVpUeWxaQkwzWVpMeFprQ3hLNVVNdktsQ0tBLXNZN3ItQTVMY1hOcEVKLWFDRFJnbVBnckNnZU5nMi1yRXdQZUFuVS1qdQ?oc=5\">\u0179r\u00f3d\u0142o<\/a><\/p>\n","protected":false},"excerpt":{"rendered":"<p>Kr\u00f3tkie podr\u00f3\u017ce \u2013 wielkie przygody: Top 5 europejskich stolic na weekend&nbsp;&nbsp;Radio Eska \u0179r\u00f3d\u0142o<\/p>\n","protected":false},"author":1,"featured_media":0,"comment_status":"closed","ping_status":"closed","sticky":false,"template":"","format":"standard","meta":{"footnotes":""},"categories":[1197,1151],"tags":[],"class_list":{"0":"post-12801","1":"post","2":"type-post","3":"status-publish","4":"format-standard","6":"category-travel-pl","7":"category-travel-fr"},"_links":{"self":[{"href":"https:\/\/eunewsroom.com\/pl\/wp-json\/wp\/v2\/posts\/12801","targetHints":{"allow":["GET"]}}],"collection":[{"href":"https:\/\/eunewsroom.com\/pl\/wp-json\/wp\/v2\/posts"}],"about":[{"href":"https:\/\/eunewsroom.com\/pl\/wp-json\/wp\/v2\/types\/post"}],"author":[{"embeddable":true,"href":"https:\/\/eunewsroom.com\/pl\/wp-json\/wp\/v2\/users\/1"}],"replies":[{"embeddable":true,"href":"https:\/\/eunewsroom.com\/pl\/wp-json\/wp\/v2\/comments?post=12801"}],"version-history":[{"count":0,"href":"https:\/\/eunewsroom.com\/pl\/wp-json\/wp\/v2\/posts\/12801\/revisions"}],"wp:attachment":[{"href":"https:\/\/eunewsroom.com\/pl\/wp-json\/wp\/v2\/media?parent=12801"}],"wp:term":[{"taxonomy":"category","embeddable":true,"href":"https:\/\/eunewsroom.com\/pl\/wp-json\/wp\/v2\/categories?post=12801"},{"taxonomy":"post_tag","embeddable":true,"href":"https:\/\/eunewsroom.com\/pl\/wp-json\/wp\/v2\/tags?post=12801"}],"curies":[{"name":"wp","href":"https:\/\/api.w.org\/{rel}","templated":true}]}}