{"id":12605,"date":"2024-08-26T07:00:18","date_gmt":"2024-08-26T07:00:18","guid":{"rendered":"https:\/\/eunewsroom.com\/nowe-badanie-nawet-ulamek-planowanej-produkcji-akumulatorow-w-ue-moze-wesprzec-przejscie-na-pojazdy-lev\/"},"modified":"2024-08-26T07:00:18","modified_gmt":"2024-08-26T07:00:18","slug":"nowe-badanie-nawet-ulamek-planowanej-produkcji-akumulatorow-w-ue-moze-wesprzec-przejscie-na-pojazdy-lev","status":"publish","type":"post","link":"https:\/\/eunewsroom.com\/pl\/nowe-badanie-nawet-ulamek-planowanej-produkcji-akumulatorow-w-ue-moze-wesprzec-przejscie-na-pojazdy-lev\/","title":{"rendered":"Nowe badanie: nawet u\u0142amek planowanej produkcji akumulator\u00f3w w UE mo\u017ce wesprze\u0107 przej\u015bcie na pojazdy LEV"},"content":{"rendered":"<p> <br \/>\n<\/p>\n<p>\n  Przej\u015bcie na pojazdy LEV z wykorzystaniem planowanej pojemno\u015bci akumulator\u00f3w w Europie mo\u017ce zmniejszy\u0107 zale\u017cno\u015b\u0107 od surowc\u00f3w krytycznych i obni\u017cy\u0107 emisj\u0119 CO2e w transporcie do 2030 roku o 30 milion\u00f3w ton.\n<\/p>\n<div property=\"schema:text\">\n<p>Nowe badanie przeprowadzone przez organizacje EIT Urban Mobility i EIT InnoEnergy, kt\u00f3re s\u0105 wspierane przez Europejski Instytut Innowacji i Technologii (EIT), organ UE, wykaza\u0142o, \u017ce wykorzystanie oko\u0142o 2-3% przewidywanej zdolno\u015bci produkcyjnej akumulator\u00f3w w UE mog\u0142oby zasili\u0107 ponad 25 milion\u00f3w lekkich pojazd\u00f3w elektrycznych (LEV), kt\u00f3re maj\u0105 pojawi\u0107 si\u0119 na&#8230;<\/p>\n<\/div>\n<p><br \/>\n<br \/><a href=\"https:\/\/pap-mediaroom.pl\/biznes-i-finanse\/nowe-badanie-nawet-ulamek-planowanej-produkcji-akumulatorow-w-ue-moze-wesprzec\">\u0179r\u00f3d\u0142o<\/a><\/p>\n","protected":false},"excerpt":{"rendered":"<p>Przej\u015bcie na pojazdy LEV z wykorzystaniem planowanej pojemno\u015bci akumulator\u00f3w w Europie mo\u017ce zmniejszy\u0107 zale\u017cno\u015b\u0107 od surowc\u00f3w krytycznych i obni\u017cy\u0107 emisj\u0119 CO2e w transporcie do 2030 roku o 30 milion\u00f3w ton. Nowe badanie przeprowadzone przez organizacje EIT Urban Mobility i EIT InnoEnergy, kt\u00f3re s\u0105 wspierane przez Europejski Instytut Innowacji i Technologii (EIT), organ UE, wykaza\u0142o, \u017ce [&hellip;]<\/p>\n","protected":false},"author":1,"featured_media":0,"comment_status":"closed","ping_status":"closed","sticky":false,"template":"","format":"standard","meta":{"footnotes":""},"categories":[1140,1185],"tags":[],"class_list":{"0":"post-12605","1":"post","2":"type-post","3":"status-publish","4":"format-standard","6":"category-automotive-fr","7":"category-automotive-pl"},"_links":{"self":[{"href":"https:\/\/eunewsroom.com\/pl\/wp-json\/wp\/v2\/posts\/12605","targetHints":{"allow":["GET"]}}],"collection":[{"href":"https:\/\/eunewsroom.com\/pl\/wp-json\/wp\/v2\/posts"}],"about":[{"href":"https:\/\/eunewsroom.com\/pl\/wp-json\/wp\/v2\/types\/post"}],"author":[{"embeddable":true,"href":"https:\/\/eunewsroom.com\/pl\/wp-json\/wp\/v2\/users\/1"}],"replies":[{"embeddable":true,"href":"https:\/\/eunewsroom.com\/pl\/wp-json\/wp\/v2\/comments?post=12605"}],"version-history":[{"count":0,"href":"https:\/\/eunewsroom.com\/pl\/wp-json\/wp\/v2\/posts\/12605\/revisions"}],"wp:attachment":[{"href":"https:\/\/eunewsroom.com\/pl\/wp-json\/wp\/v2\/media?parent=12605"}],"wp:term":[{"taxonomy":"category","embeddable":true,"href":"https:\/\/eunewsroom.com\/pl\/wp-json\/wp\/v2\/categories?post=12605"},{"taxonomy":"post_tag","embeddable":true,"href":"https:\/\/eunewsroom.com\/pl\/wp-json\/wp\/v2\/tags?post=12605"}],"curies":[{"name":"wp","href":"https:\/\/api.w.org\/{rel}","templated":true}]}}